{"id":14261,"date":"2025-11-20T08:58:31","date_gmt":"2025-11-20T08:58:31","guid":{"rendered":"https:\/\/informacionlocal.es\/el-cabildo-impulsa-la-transformacion-digital-con-el-taller-gestion-de-la-presencia-online-y-optimizacion-digital\/"},"modified":"2025-11-20T08:58:31","modified_gmt":"2025-11-20T08:58:31","slug":"el-cabildo-impulsa-la-transformacion-digital-con-el-taller-gestion-de-la-presencia-online-y-optimizacion-digital","status":"publish","type":"post","link":"https:\/\/informacionlocal.es\/en\/el-cabildo-impulsa-la-transformacion-digital-con-el-taller-gestion-de-la-presencia-online-y-optimizacion-digital\/","title":{"rendered":"El Cabildo impulsa la transformaci\u00f3n digital con el taller \u201cGesti\u00f3n de la presencia online y optimizaci\u00f3n digital\u201d"},"content":{"rendered":"<div class=\"entry-content\"><strong>20 noviembre, 2025<\/strong><\/p>\n<p><strong><em>La formaci\u00f3n, destinada a ciudadanos y negocios, busca sacar<br \/>\nprovecho a las herramientas digitales actuales<\/em><\/strong><\/p>\n<p>El Cabildo de Fuerteventura, a trav\u00e9s de la Consejer\u00eda de Nuevas Tecnolog\u00edas,<br \/>\norganiza el taller \u201cGesti\u00f3n de la presencia online y optimizaci\u00f3n digital\u201d, una<br \/>\niniciativa gratuita destinada a empoderar a la ciudadan\u00eda y el tejido empresarial<br \/>\npara aprovechar al m\u00e1ximo las herramientas digitales actuales.<\/p>\n<p>El curso se celebrar\u00e1 en tres ubicaciones de la isla: Corralejo<br \/>\n(24 y 25 de noviembre), Gran Tarajal (1 y 2 de diciembre) y Puerto del Rosario<br \/>\n(3 y 4 de diciembre), y ense\u00f1ar\u00e1 a crear contenido, automatizar tareas y<br \/>\ndesarrollar ideas con aplicaciones de dise\u00f1o, inteligencia artificial y<br \/>\ngeneraci\u00f3n de contenidos.<\/p>\n<p>La consejera insular de Nuevas Tecnolog\u00edas, Carmen Alonso, subraya<br \/>\nla importancia de este tipo de formaciones para el futuro del territorio ya que<br \/>\n\u201cdesde el Cabildo queremos acercar las \u00faltimas tecnolog\u00edas a la ciudadan\u00eda de<br \/>\nforma accesible y \u00fatil, impulsando la innovaci\u00f3n y la democratizaci\u00f3n del<br \/>\nconocimiento digital. Apostamos por facilitar a j\u00f3venes, emprendedores y empresas<br \/>\nel acceso a herramientas que permitan desarrollar su creatividad y mejorar su<br \/>\npresencia digital, una cuesti\u00f3n clave para afrontar los retos y oportunidades<br \/>\nque nos plantea la econom\u00eda del futuro de Fuerteventura\u201d.<\/p>\n<p>Alonso se\u00f1ala, adem\u00e1s, que \u201cla combinaci\u00f3n de recursos<br \/>\ntecnol\u00f3gicos accesibles y metodolog\u00edas participativas permite a la poblaci\u00f3n<br \/>\nadquirir competencias digitales pr\u00e1cticas para la vida diaria y profesional.<br \/>\nBuscamos reforzar la motivaci\u00f3n y la participaci\u00f3n de todos los sectores en el<br \/>\navance tecnol\u00f3gico de la isla\u201d.<\/p>\n<p>Las personas interesadas deben inscribirse previamente a trav\u00e9s de<br \/>\nla web www.semillainnova.com.<\/p>\n<p>El Cabildo contin\u00faa as\u00ed su apuesta por la formaci\u00f3n digital,<br \/>\nfomentando una sociedad m\u00e1s preparada y conectada para el desarrollo sostenible<br \/>\ny la competitividad local, alineada con los objetivos del Fondo de Desarrollo<br \/>\nde Canarias (FDCAN).<\/p>\n<\/div>\n","protected":false},"excerpt":{"rendered":"<p>20 noviembre, 2025 La formaci\u00f3n, destinada a ciudadanos y negocios, busca sacar provecho a las herramientas digitales actuales El Cabildo de Fuerteventura, a trav\u00e9s de la Consejer\u00eda de Nuevas Tecnolog\u00edas, [&hellip;]<\/p>\n","protected":false},"author":1,"featured_media":14263,"comment_status":"open","ping_status":"open","sticky":false,"template":"","format":"standard","meta":{"inline_featured_image":false,"jnews-multi-image_gallery":[],"jnews_single_post":[],"jnews_primary_category":[],"jnews_social_meta":[],"jnews_override_counter":[],"jnews_post_split":[],"footnotes":""},"categories":[58],"tags":[82],"class_list":["post-14261","post","type-post","status-publish","format-standard","has-post-thumbnail","hentry","category-cabildo","tag-fuerteventura"],"jetpack_featured_media_url":"https:\/\/informacionlocal.es\/wp-content\/uploads\/2025\/11\/curso-optimizacic3b3n-digital.jpeg","_links":{"self":[{"href":"https:\/\/informacionlocal.es\/en\/wp-json\/wp\/v2\/posts\/14261","targetHints":{"allow":["GET"]}}],"collection":[{"href":"https:\/\/informacionlocal.es\/en\/wp-json\/wp\/v2\/posts"}],"about":[{"href":"https:\/\/informacionlocal.es\/en\/wp-json\/wp\/v2\/types\/post"}],"author":[{"embeddable":true,"href":"https:\/\/informacionlocal.es\/en\/wp-json\/wp\/v2\/users\/1"}],"replies":[{"embeddable":true,"href":"https:\/\/informacionlocal.es\/en\/wp-json\/wp\/v2\/comments?post=14261"}],"version-history":[{"count":0,"href":"https:\/\/informacionlocal.es\/en\/wp-json\/wp\/v2\/posts\/14261\/revisions"}],"wp:featuredmedia":[{"embeddable":true,"href":"https:\/\/informacionlocal.es\/en\/wp-json\/wp\/v2\/media\/14263"}],"wp:attachment":[{"href":"https:\/\/informacionlocal.es\/en\/wp-json\/wp\/v2\/media?parent=14261"}],"wp:term":[{"taxonomy":"category","embeddable":true,"href":"https:\/\/informacionlocal.es\/en\/wp-json\/wp\/v2\/categories?post=14261"},{"taxonomy":"post_tag","embeddable":true,"href":"https:\/\/informacionlocal.es\/en\/wp-json\/wp\/v2\/tags?post=14261"}],"curies":[{"name":"wp","href":"https:\/\/api.w.org\/{rel}","templated":true}]}}