{"id":14249,"date":"2025-11-19T16:58:23","date_gmt":"2025-11-19T16:58:23","guid":{"rendered":"https:\/\/informacionlocal.es\/musica-y-poesia-en-tiscamanita-para-honrar-el-legado-de-manuel-velazquez-cabrera\/"},"modified":"2025-11-19T16:58:23","modified_gmt":"2025-11-19T16:58:23","slug":"musica-y-poesia-en-tiscamanita-para-honrar-el-legado-de-manuel-velazquez-cabrera","status":"publish","type":"post","link":"https:\/\/informacionlocal.es\/en\/musica-y-poesia-en-tiscamanita-para-honrar-el-legado-de-manuel-velazquez-cabrera\/","title":{"rendered":"M\u00fasica y poes\u00eda en Tiscamanita para honrar el legado de Manuel Vel\u00e1zquez Cabrera"},"content":{"rendered":"<div class=\"entry-content\"><strong>18 noviembre, 2025<\/strong><\/p>\n<p>El Cabildo de Fuerteventura, a trav\u00e9s de la Consejer\u00eda de Cultura, celebra los actos del XXXII Memorial Manuel Vel\u00e1zquez Cabrera, en recuerdo del padre de los cabildos modernos. En la tarde de este martes, 18 de noviembre, la Corporaci\u00f3n insular desarroll\u00f3 un acto homenaje en el busto escult\u00f3rico de Vel\u00e1zquez Cabrera en Tiscamanita, localidad natal de esta figura.<\/p>\n<p>La presidenta insular, Lola Garc\u00eda, destac\u00f3 la importancia de \u201crecordar a un hombre ilustre, que no dud\u00f3 en defender y alzar la voz por los derechos de nuestra isla y sus ciudadanos y ciudadanas\u201d. \u201cNo s\u00f3lo debemos recordarlo como un gran pol\u00edtico, sino tambi\u00e9n como un humanista que se preocup\u00f3 por el desarrollo social del pueblo y mejorar la calidad de vida cotidiana de los que vivimos aqu\u00ed. El sue\u00f1o de Manuel Vel\u00e1zquez Cabrera era tener una Isla de la que nos sinti\u00e9ramos orgullosos\u201d.<\/p>\n<p>En palabras de la alcaldesa de Tuineje, Candelaria Umpi\u00e9rrez, \u201cun a\u00f1o m\u00e1s, rendimos homenaje a nuestro ilustre Manuel Vel\u00e1zquez Cabrera para que no se nos olvide su legado, compromiso, trabajo y rigor\u201d.<\/p>\n<p>El viceconsejero de Cultura del Gobierno de Canarias, Horacio Umpierrez, resalt\u00f3 la figura \u201cde un hombre que supo luchar por su tierra y sirvi\u00f3 de ejemplo para quienes empezaron a trabajar por la democracia\u201d. \u201c<\/p>\n<p>Umpi\u00e9rrez a\u00f1adi\u00f3 que \u201cen los \u00faltimos a\u00f1os se ha ido cumpliendo con la memoria de Vel\u00e1zquez, se han ido recuperando cada uno de sus espacios como la Casa del Maestro y se trabaja para recuperar su casa natal\u201d. En este sentido, el viceconsejero record\u00f3 que este lunes, 24 de julio, a las 18.30 horas, se desarrollar\u00e1 un encuentro en el Centro Cultural de Tiscamanita, titulado \u201cLa casa Manuel Vel\u00e1zquez Cabrera: una propuesta de uso posible\u201d.<\/p>\n<p>En el acto estuvieron presentes, adem\u00e1s, consejeros y consejeras del Cabildo de Fuerteventura, concejales y concejalas del grupo de gobierno y oposici\u00f3n del Ayuntamiento de Tuineje, diputados parlamentarios, representantes de la Asociaci\u00f3n de Vecinos Tabaibe, as\u00ed como de la Fundaci\u00f3n Manuel Vel\u00e1zquez Cabrera.<\/p>\n<p>A continuaci\u00f3n, Ambrosio Hern\u00e1ndez Hern\u00e1ndez, ofreci\u00f3 un recital po\u00e9tico:\u00a0<em>\u201cInnato defensor de su tierra majorera, en mis versos yo quisiera hacer sonar tus valores, porque a las islas menores y marginadas de Canarias, tu labor extraordinaria pudo librar de opresores\u201d.<\/em><\/p>\n<p>Asimismo, se ofreci\u00f3 un espect\u00e1culo musical a cargo del d\u00fao Pedro Ageno y Ayla Rodr\u00edguez.<\/p>\n<\/div>\n","protected":false},"excerpt":{"rendered":"<p>18 noviembre, 2025 El Cabildo de Fuerteventura, a trav\u00e9s de la Consejer\u00eda de Cultura, celebra los actos del XXXII Memorial Manuel Vel\u00e1zquez Cabrera, en recuerdo del padre de los cabildos [&hellip;]<\/p>\n","protected":false},"author":1,"featured_media":14251,"comment_status":"open","ping_status":"open","sticky":false,"template":"","format":"standard","meta":{"inline_featured_image":false,"jnews-multi-image_gallery":[],"jnews_single_post":[],"jnews_primary_category":[],"jnews_social_meta":[],"jnews_override_counter":[],"jnews_post_split":[],"footnotes":""},"categories":[58],"tags":[82],"class_list":["post-14249","post","type-post","status-publish","format-standard","has-post-thumbnail","hentry","category-cabildo","tag-fuerteventura"],"jetpack_featured_media_url":"https:\/\/informacionlocal.es\/wp-content\/uploads\/2025\/11\/mvel-2-scaled.jpg","_links":{"self":[{"href":"https:\/\/informacionlocal.es\/en\/wp-json\/wp\/v2\/posts\/14249","targetHints":{"allow":["GET"]}}],"collection":[{"href":"https:\/\/informacionlocal.es\/en\/wp-json\/wp\/v2\/posts"}],"about":[{"href":"https:\/\/informacionlocal.es\/en\/wp-json\/wp\/v2\/types\/post"}],"author":[{"embeddable":true,"href":"https:\/\/informacionlocal.es\/en\/wp-json\/wp\/v2\/users\/1"}],"replies":[{"embeddable":true,"href":"https:\/\/informacionlocal.es\/en\/wp-json\/wp\/v2\/comments?post=14249"}],"version-history":[{"count":0,"href":"https:\/\/informacionlocal.es\/en\/wp-json\/wp\/v2\/posts\/14249\/revisions"}],"wp:featuredmedia":[{"embeddable":true,"href":"https:\/\/informacionlocal.es\/en\/wp-json\/wp\/v2\/media\/14251"}],"wp:attachment":[{"href":"https:\/\/informacionlocal.es\/en\/wp-json\/wp\/v2\/media?parent=14249"}],"wp:term":[{"taxonomy":"category","embeddable":true,"href":"https:\/\/informacionlocal.es\/en\/wp-json\/wp\/v2\/categories?post=14249"},{"taxonomy":"post_tag","embeddable":true,"href":"https:\/\/informacionlocal.es\/en\/wp-json\/wp\/v2\/tags?post=14249"}],"curies":[{"name":"wp","href":"https:\/\/api.w.org\/{rel}","templated":true}]}}