{"id":14225,"date":"2025-11-19T12:58:22","date_gmt":"2025-11-19T12:58:22","guid":{"rendered":"https:\/\/informacionlocal.es\/puerto-del-rosario-inicia-la-mejora-de-la-accesibilidad-peatonal-en-juan-de-bethencourt\/"},"modified":"2025-11-19T12:58:22","modified_gmt":"2025-11-19T12:58:22","slug":"puerto-del-rosario-inicia-la-mejora-de-la-accesibilidad-peatonal-en-juan-de-bethencourt","status":"publish","type":"post","link":"https:\/\/informacionlocal.es\/en\/puerto-del-rosario-inicia-la-mejora-de-la-accesibilidad-peatonal-en-juan-de-bethencourt\/","title":{"rendered":"Puerto del Rosario inicia la mejora de la accesibilidad peatonal en Juan de Bethencourt"},"content":{"rendered":"<div class=\"entry-content\">\n<ul>\n<li><span><strong>El Ayuntamiento pide extremar la precauci\u00f3n durante las obras en un tramo muy transitado por escolares y familias<\/strong><\/span><\/li>\n<\/ul>\n<p><span><strong>\u00a0<\/strong><\/span><span><strong>En Puerto del Rosario, a 19 de noviembre de 2025.-<\/strong> El Ayuntamiento de Puerto del Rosario ha comenzado los trabajos de acondicionamiento y mejora de la acera de la Avenida Juan de Bethencourt, en el tramo comprendido entre la calle Herbania y la calle Isla Graciosa, justo frente al CEIP Puerto del Rosario. Esta intervenci\u00f3n busca garantizar un tr\u00e1nsito m\u00e1s seguro y accesible en una v\u00eda especialmente concurrida a las horas de entrada y salida del colegio.<\/span><\/p>\n<p><span>Dado que los trabajos ya han comenzado, el Ayuntamiento hace un llamamiento a las familias, alumnado y viandantes para que extreme la precauci\u00f3n al circular por este entorno, pues puede haber zonas acotadas, pasos alternativos o peque\u00f1os desv\u00edos temporales mientras avanza la obra.<\/span><\/p>\n<p><span>El alcalde de Puerto del Rosario, David de Vera, destac\u00f3 la importancia de actuar en este punto de la ciudad. \u201cEl pavimento presentaba un deterioro evidente y supon\u00eda un riesgo para quienes pasan cada d\u00eda por aqu\u00ed, sobre todo los ni\u00f1os y ni\u00f1as. Con esta actuaci\u00f3n mejoramos la seguridad, la accesibilidad y, en definitiva, la calidad del espacio p\u00fablico que usamos todos\u201d.<\/span><\/p>\n<p><span>La concejala de Movilidad y Accesibilidad, To\u00f1i Fdez. Arag\u00f3n, record\u00f3 que \u201chablamos de una v\u00eda con much\u00edsima afluencia, donde ya se hab\u00edan registrado ca\u00eddas y situaciones inc\u00f3modas por el mal estado del firme. Nuestro objetivo es que cualquier persona pueda caminar por esta avenida con tranquilidad y sin obst\u00e1culos, y por eso hemos ampliado la intervenci\u00f3n hasta la calle Isla Graciosa\u201d.<\/span><\/p>\n<p><span>La obra contempla una renovaci\u00f3n completa de la acera, lo que incluye la demolici\u00f3n del pavimento en mal estado, la colocaci\u00f3n de materiales antideslizantes y homologados, la eliminaci\u00f3n de barreras arquitect\u00f3nicas mediante nuevos rebajes y la adecuaci\u00f3n de los pasos peatonales. Tambi\u00e9n se intervendr\u00e1 en la mediana que cruza el paso de peatones y se coordinar\u00e1n los trabajos con otros servicios municipales para incorporar, si fuese necesario, mejoras en alumbrado, jardiner\u00eda o canalizaciones, de manera que todo el entorno mejore de forma integral.<\/span><\/p>\n<\/div>\n","protected":false},"excerpt":{"rendered":"<p>El Ayuntamiento pide extremar la precauci\u00f3n durante las obras en un tramo muy transitado por escolares y familias \u00a0En Puerto del Rosario, a 19 de noviembre de 2025.- El Ayuntamiento [&hellip;]<\/p>\n","protected":false},"author":1,"featured_media":14227,"comment_status":"open","ping_status":"open","sticky":false,"template":"","format":"standard","meta":{"inline_featured_image":false,"jnews-multi-image_gallery":[],"jnews_single_post":[],"jnews_primary_category":[],"jnews_social_meta":[],"jnews_override_counter":[],"jnews_post_split":[],"footnotes":""},"categories":[61],"tags":[],"class_list":["post-14225","post","type-post","status-publish","format-standard","has-post-thumbnail","hentry","category-puerto-del-rosario"],"jetpack_featured_media_url":"https:\/\/informacionlocal.es\/wp-content\/uploads\/2025\/11\/accesibilidad-1.png","_links":{"self":[{"href":"https:\/\/informacionlocal.es\/en\/wp-json\/wp\/v2\/posts\/14225","targetHints":{"allow":["GET"]}}],"collection":[{"href":"https:\/\/informacionlocal.es\/en\/wp-json\/wp\/v2\/posts"}],"about":[{"href":"https:\/\/informacionlocal.es\/en\/wp-json\/wp\/v2\/types\/post"}],"author":[{"embeddable":true,"href":"https:\/\/informacionlocal.es\/en\/wp-json\/wp\/v2\/users\/1"}],"replies":[{"embeddable":true,"href":"https:\/\/informacionlocal.es\/en\/wp-json\/wp\/v2\/comments?post=14225"}],"version-history":[{"count":0,"href":"https:\/\/informacionlocal.es\/en\/wp-json\/wp\/v2\/posts\/14225\/revisions"}],"wp:featuredmedia":[{"embeddable":true,"href":"https:\/\/informacionlocal.es\/en\/wp-json\/wp\/v2\/media\/14227"}],"wp:attachment":[{"href":"https:\/\/informacionlocal.es\/en\/wp-json\/wp\/v2\/media?parent=14225"}],"wp:term":[{"taxonomy":"category","embeddable":true,"href":"https:\/\/informacionlocal.es\/en\/wp-json\/wp\/v2\/categories?post=14225"},{"taxonomy":"post_tag","embeddable":true,"href":"https:\/\/informacionlocal.es\/en\/wp-json\/wp\/v2\/tags?post=14225"}],"curies":[{"name":"wp","href":"https:\/\/api.w.org\/{rel}","templated":true}]}}