{"id":14219,"date":"2025-11-19T11:58:22","date_gmt":"2025-11-19T11:58:22","guid":{"rendered":"https:\/\/informacionlocal.es\/barrios-orquestados-celebra-este-domingo-en-puerto-del-rosario-su-concierto-benefico-de-invierno\/"},"modified":"2025-11-19T11:58:22","modified_gmt":"2025-11-19T11:58:22","slug":"barrios-orquestados-celebra-este-domingo-en-puerto-del-rosario-su-concierto-benefico-de-invierno","status":"publish","type":"post","link":"https:\/\/informacionlocal.es\/en\/barrios-orquestados-celebra-este-domingo-en-puerto-del-rosario-su-concierto-benefico-de-invierno\/","title":{"rendered":"Barrios Orquestados celebra este domingo en Puerto del Rosario su concierto ben\u00e9fico de invierno"},"content":{"rendered":"<div class=\"entry-content\"><strong>19 noviembre, 2025<\/strong><\/p>\n<p><strong>El evento contar\u00e1 con la participaci\u00f3n de m\u00e1s de 60 ni\u00f1os y ni\u00f1as, acompa\u00f1ados por la artista majorera Julia Rodr\u00edguez<\/strong><\/p>\n<p>Barrios Orquestados emprende su temporada de conciertos solidarios en Fuerteventura este domingo 23 de noviembre, a las 19:00 horas, en el\u00a0Auditorio Insular de Puerto del Rosario, un espect\u00e1culo impulsado por el Cabildo de Fuerteventura desde la Consejer\u00eda de Cultura.<\/p>\n<p>Las entradas,\u00a0disponibles en Ecoentradas\u00a0al precio de\u00a010 euros, se destinan \u00edntegramente al desarrollo del proyecto en la isla.<\/p>\n<p>Tras la repentina cancelaci\u00f3n de su Gala Ben\u00e9fica que contaba con la participaci\u00f3n de artistas y agrupaciones\u00a0como Domingo \u2018El Colorao\u2019, Fajardo, Tabajoste, Ayla Rodr\u00edguez, entre otros, la organizaci\u00f3n retoma su agenda con el concierto\u00a0de su orquesta majorera.<\/p>\n<p>Barrios Orquestados, presente en Fuerteventura desde 2021, ofrece\u00a0formaci\u00f3n musical gratuita\u00a0y el\u00a0pr\u00e9stamo de instrumentos\u00a0en dos sedes. En este concierto participar\u00e1n\u00a0m\u00e1s de 60 int\u00e9rpretes\u00a0de viola, viol\u00edn, violonchelo y contrabajo procedentes de los barrios de Puerto del Rosario \u2014desde El Charco hasta El Matorral\u2014 junto con el coro formado por los familiares.<\/p>\n<p>El espect\u00e1culo contar\u00e1 adem\u00e1s con la actuaci\u00f3n de la cantante\u00a0Julia Rodr\u00edguez, una de las voces m\u00e1s reconocidas de la isla y nominada recientemente a\u00a0Mejor Artista Revelaci\u00f3n\u00a0en los\u00a0Premios Canarios de la M\u00fasica, quien aportar\u00e1 su fusi\u00f3n de ra\u00edces canarias y sonidos contempor\u00e1neos.<\/p>\n<p>La gira de invierno de Barrios Orquestados moviliza este a\u00f1o a\u00a0m\u00e1s de 600 participantes, con un total de\u00a014 orquestas\u00a0y\u00a010 coros\u00a0de los barrios de Tenerife, Fuerteventura, Lanzarote y Gran Canaria.<\/p>\n<\/div>\n","protected":false},"excerpt":{"rendered":"<p>19 noviembre, 2025 El evento contar\u00e1 con la participaci\u00f3n de m\u00e1s de 60 ni\u00f1os y ni\u00f1as, acompa\u00f1ados por la artista majorera Julia Rodr\u00edguez Barrios Orquestados emprende su temporada de conciertos [&hellip;]<\/p>\n","protected":false},"author":1,"featured_media":14221,"comment_status":"open","ping_status":"open","sticky":false,"template":"","format":"standard","meta":{"inline_featured_image":false,"jnews-multi-image_gallery":[],"jnews_single_post":[],"jnews_primary_category":[],"jnews_social_meta":[],"jnews_override_counter":[],"jnews_post_split":[],"footnotes":""},"categories":[58],"tags":[82],"class_list":["post-14219","post","type-post","status-publish","format-standard","has-post-thumbnail","hentry","category-cabildo","tag-fuerteventura"],"jetpack_featured_media_url":"https:\/\/informacionlocal.es\/wp-content\/uploads\/2025\/11\/barrios-orquestados.jpeg","_links":{"self":[{"href":"https:\/\/informacionlocal.es\/en\/wp-json\/wp\/v2\/posts\/14219","targetHints":{"allow":["GET"]}}],"collection":[{"href":"https:\/\/informacionlocal.es\/en\/wp-json\/wp\/v2\/posts"}],"about":[{"href":"https:\/\/informacionlocal.es\/en\/wp-json\/wp\/v2\/types\/post"}],"author":[{"embeddable":true,"href":"https:\/\/informacionlocal.es\/en\/wp-json\/wp\/v2\/users\/1"}],"replies":[{"embeddable":true,"href":"https:\/\/informacionlocal.es\/en\/wp-json\/wp\/v2\/comments?post=14219"}],"version-history":[{"count":0,"href":"https:\/\/informacionlocal.es\/en\/wp-json\/wp\/v2\/posts\/14219\/revisions"}],"wp:featuredmedia":[{"embeddable":true,"href":"https:\/\/informacionlocal.es\/en\/wp-json\/wp\/v2\/media\/14221"}],"wp:attachment":[{"href":"https:\/\/informacionlocal.es\/en\/wp-json\/wp\/v2\/media?parent=14219"}],"wp:term":[{"taxonomy":"category","embeddable":true,"href":"https:\/\/informacionlocal.es\/en\/wp-json\/wp\/v2\/categories?post=14219"},{"taxonomy":"post_tag","embeddable":true,"href":"https:\/\/informacionlocal.es\/en\/wp-json\/wp\/v2\/tags?post=14219"}],"curies":[{"name":"wp","href":"https:\/\/api.w.org\/{rel}","templated":true}]}}