{"id":14201,"date":"2025-11-18T22:00:40","date_gmt":"2025-11-18T22:00:40","guid":{"rendered":"https:\/\/informacionlocal.es\/fuerteventura-participa-en-el-proyecto-museos-y-red-en-movimiento-para-impulsar-el-intercambio-patrimonial-y-profesional-en-canarias\/"},"modified":"2025-11-18T22:00:40","modified_gmt":"2025-11-18T22:00:40","slug":"fuerteventura-participa-en-el-proyecto-museos-y-red-en-movimiento-para-impulsar-el-intercambio-patrimonial-y-profesional-en-canarias","status":"publish","type":"post","link":"https:\/\/informacionlocal.es\/en\/fuerteventura-participa-en-el-proyecto-museos-y-red-en-movimiento-para-impulsar-el-intercambio-patrimonial-y-profesional-en-canarias\/","title":{"rendered":"Fuerteventura participa en el proyecto \u2018Museos [y red] en movimiento\u2019 para impulsar el intercambio patrimonial y profesional en Canarias"},"content":{"rendered":"<div class=\"entry-content\"><strong>18 noviembre, 2025<\/strong><\/p>\n<p><strong><em>La iniciativa promueve la movilidad de piezas y personal entre museos insulares para fortalecer la cooperaci\u00f3n cultural y la difusi\u00f3n del patrimonio<\/em><\/strong><\/p>\n<p>El Cabildo de Fuerteventura participa en el proyecto \u2018Museos [y red] en movimiento\u2019, puesto en marcha por la Direcci\u00f3n General de Patrimonio Cultural del Gobierno de Canarias. El objetivo es promover el intercambio temporal de bienes patrimoniales y personal t\u00e9cnico entre los museos del archipi\u00e9lago. Esta iniciativa refuerza el di\u00e1logo entre instituciones, fomenta el conocimiento mutuo y ampl\u00eda la circulaci\u00f3n del patrimonio cultural entre islas.<\/p>\n<p>El periodo de exhibici\u00f3n de las piezas objeto de pr\u00e9stamo se desarrolla del 10 de noviembre al 10 de diciembre de 2025 en el Centro de Arte Juan Ismael y el Museo Arqueol\u00f3gico de Fuerteventura.<\/p>\n<p>El consejero insular de Cultura y del \u00e1rea de Museos, Rayco Le\u00f3n, pone en valor el intercambio como forma de cohesionar el patrimonio cultural en Canarias, al permitir mostrarlo de forma conjunta. Por otra parte, el intercambio de personal favorece el conocimiento de otras metodolog\u00edas y procedimientos de trabajo, con la intenci\u00f3n de seguir mejorando.<\/p>\n<p>En el \u00e1rea arqueol\u00f3gica, el Museo Arqueol\u00f3gico de Fuerteventura (MAF) recibe la visita profesional del director del Museo Arqueol\u00f3gico de La Gomera, Juan Carlos Hern\u00e1ndez, dentro del intercambio de personal t\u00e9cnico entre museos.<\/p>\n<p>Asimismo, el MAF presta a El Museo Canario una lucerna romana hallada en el islote de Lobos, datada en el cambio de era. A su vez, Fuerteventura acoge en su Vitrina Cero un destacado recipiente cer\u00e1mico prehisp\u00e1nico de Gran Canaria, decorado con motivos geom\u00e9tricos en almagre y perteneciente a la colecci\u00f3n hist\u00f3rica de la instituci\u00f3n grancanaria.<\/p>\n<p>En el \u00e1mbito art\u00edstico, el Centro de Arte Juan Ismael participa en un intercambio con el CEMFAC \u2013 La Ciudad en el Museo, en la isla de La Palma, referente muse\u00edstico por sus singulares caracter\u00edsticas expositivas. El centro majorero enviar\u00e1 el fotocollage \u2018Astronauta\u2019 de Juan Ismael, mientras que el CEMFAC aporta dos obras: \u2018Bulevar de Melancol\u00eda en la Ciudad de los gallos\u2019, de Hugo Pitti, y \u2018Vista de La Palma desde San Borond\u00f3n\u2019, de Jorge Fin.<\/p>\n<\/div>\n","protected":false},"excerpt":{"rendered":"<p>18 noviembre, 2025 La iniciativa promueve la movilidad de piezas y personal entre museos insulares para fortalecer la cooperaci\u00f3n cultural y la difusi\u00f3n del patrimonio El Cabildo de Fuerteventura participa [&hellip;]<\/p>\n","protected":false},"author":1,"featured_media":14203,"comment_status":"open","ping_status":"open","sticky":false,"template":"","format":"standard","meta":{"inline_featured_image":false,"jnews-multi-image_gallery":[],"jnews_single_post":[],"jnews_primary_category":[],"jnews_social_meta":[],"jnews_override_counter":[],"jnews_post_split":[],"footnotes":""},"categories":[58],"tags":[82],"class_list":["post-14201","post","type-post","status-publish","format-standard","has-post-thumbnail","hentry","category-cabildo","tag-fuerteventura"],"jetpack_featured_media_url":"https:\/\/informacionlocal.es\/wp-content\/uploads\/2025\/11\/lucerna-romana-1-scaled.jpg","_links":{"self":[{"href":"https:\/\/informacionlocal.es\/en\/wp-json\/wp\/v2\/posts\/14201","targetHints":{"allow":["GET"]}}],"collection":[{"href":"https:\/\/informacionlocal.es\/en\/wp-json\/wp\/v2\/posts"}],"about":[{"href":"https:\/\/informacionlocal.es\/en\/wp-json\/wp\/v2\/types\/post"}],"author":[{"embeddable":true,"href":"https:\/\/informacionlocal.es\/en\/wp-json\/wp\/v2\/users\/1"}],"replies":[{"embeddable":true,"href":"https:\/\/informacionlocal.es\/en\/wp-json\/wp\/v2\/comments?post=14201"}],"version-history":[{"count":0,"href":"https:\/\/informacionlocal.es\/en\/wp-json\/wp\/v2\/posts\/14201\/revisions"}],"wp:featuredmedia":[{"embeddable":true,"href":"https:\/\/informacionlocal.es\/en\/wp-json\/wp\/v2\/media\/14203"}],"wp:attachment":[{"href":"https:\/\/informacionlocal.es\/en\/wp-json\/wp\/v2\/media?parent=14201"}],"wp:term":[{"taxonomy":"category","embeddable":true,"href":"https:\/\/informacionlocal.es\/en\/wp-json\/wp\/v2\/categories?post=14201"},{"taxonomy":"post_tag","embeddable":true,"href":"https:\/\/informacionlocal.es\/en\/wp-json\/wp\/v2\/tags?post=14201"}],"curies":[{"name":"wp","href":"https:\/\/api.w.org\/{rel}","templated":true}]}}