{"id":14183,"date":"2025-11-18T18:58:27","date_gmt":"2025-11-18T18:58:27","guid":{"rendered":"https:\/\/informacionlocal.es\/caleta-es-musica-sorprende-cada-fin-de-semana-con-una-actuacion-en-la-calle\/"},"modified":"2025-11-18T18:58:27","modified_gmt":"2025-11-18T18:58:27","slug":"caleta-es-musica-sorprende-cada-fin-de-semana-con-una-actuacion-en-la-calle","status":"publish","type":"post","link":"https:\/\/informacionlocal.es\/en\/caleta-es-musica-sorprende-cada-fin-de-semana-con-una-actuacion-en-la-calle\/","title":{"rendered":"Caleta es M\u00fasica sorprende cada fin de semana con una actuaci\u00f3n en la calle"},"content":{"rendered":"<div class=\"elementor-widget-container\">\n<p><strong>Caleta es M\u00fasica sorprende cada fin de semana con una actuaci\u00f3n en la calle<\/strong><\/p>\n<p><strong>\u2022 Caleta es M\u00fasica sorprendente al viandante en las calles y plazas de El Castillo con una actuaci\u00f3n callejera, este s\u00e1bado 22 de noviembre protagonizada por el grupo Zafira World the funky royale.<\/strong><\/p>\n<p><strong>\u2022 En el paseo mar\u00edtimo frente al Hotel Salinas de 12:00 a 15:00 horas.<\/strong><\/p>\n<p>Actividades, eventos, fiestas y talleres diversos para todos los p\u00fablicos son los que desde el Ayuntamiento de Antigua venimos organizando desde todas las concejal\u00edas en Antigua, pueblos y Caleta de Fuste, afirma el alcalde, Mat\u00edas Pe\u00f1a, siempre con el fin, por un lado, de dar opciones de ocio, aprendizaje o diversi\u00f3n a residentes y personas que nos visitan y por otro lado, impulsar una din\u00e1mica de citas atractivas que favorezcan a comercios, restaurantes y establecimientos diversos.<\/p>\n<p>En este objetivo, el Ayuntamiento de Antigua desde la concejal\u00eda de Comercio organiza citas musicales en vivo y en la calle, de m\u00fasicas del mundo, ofreciendo diferentes ritmos en cada actuaci\u00f3n de grupos de la isla.<\/p>\n<p>Este fin de semana, Caleta es M\u00fasica, se\u00f1ala el concejal de \u00e1rea, Giuseppe Signorino, nos cita en la avenida mar\u00edtima a la altura del Frasquita y frente al Hotel Salinas desde las 12:00 y hasta las 15:00 horas.<\/p>\n<p>Y a\u00f1ade el concejal, siempre buscando zonas cercanas a terrazas de cafeter\u00edas, restaurantes y zonas de ocio donde vecinos y turistas disfruten de la m\u00fasica y los establecimientos m\u00e1s cercanos.<\/p>\n<\/div>\n","protected":false},"excerpt":{"rendered":"<p><strong>Caleta es M\u00fasica sorprende cada fin de semana con una actuaci\u00f3n en la calle<\/strong><\/p>\n","protected":false},"author":1,"featured_media":14185,"comment_status":"open","ping_status":"open","sticky":false,"template":"","format":"standard","meta":{"inline_featured_image":false,"jnews-multi-image_gallery":[],"jnews_single_post":[],"jnews_primary_category":[],"jnews_social_meta":[],"jnews_override_counter":[],"jnews_post_split":[],"footnotes":""},"categories":[59],"tags":[69],"class_list":["post-14183","post","type-post","status-publish","format-standard","has-post-thumbnail","hentry","category-antigua","tag-eventos"],"jetpack_featured_media_url":"https:\/\/informacionlocal.es\/wp-content\/uploads\/2025\/11\/img-20251117-wa0023.jpg","_links":{"self":[{"href":"https:\/\/informacionlocal.es\/en\/wp-json\/wp\/v2\/posts\/14183","targetHints":{"allow":["GET"]}}],"collection":[{"href":"https:\/\/informacionlocal.es\/en\/wp-json\/wp\/v2\/posts"}],"about":[{"href":"https:\/\/informacionlocal.es\/en\/wp-json\/wp\/v2\/types\/post"}],"author":[{"embeddable":true,"href":"https:\/\/informacionlocal.es\/en\/wp-json\/wp\/v2\/users\/1"}],"replies":[{"embeddable":true,"href":"https:\/\/informacionlocal.es\/en\/wp-json\/wp\/v2\/comments?post=14183"}],"version-history":[{"count":0,"href":"https:\/\/informacionlocal.es\/en\/wp-json\/wp\/v2\/posts\/14183\/revisions"}],"wp:featuredmedia":[{"embeddable":true,"href":"https:\/\/informacionlocal.es\/en\/wp-json\/wp\/v2\/media\/14185"}],"wp:attachment":[{"href":"https:\/\/informacionlocal.es\/en\/wp-json\/wp\/v2\/media?parent=14183"}],"wp:term":[{"taxonomy":"category","embeddable":true,"href":"https:\/\/informacionlocal.es\/en\/wp-json\/wp\/v2\/categories?post=14183"},{"taxonomy":"post_tag","embeddable":true,"href":"https:\/\/informacionlocal.es\/en\/wp-json\/wp\/v2\/tags?post=14183"}],"curies":[{"name":"wp","href":"https:\/\/api.w.org\/{rel}","templated":true}]}}