{"id":14177,"date":"2025-11-18T17:59:26","date_gmt":"2025-11-18T17:59:26","guid":{"rendered":"https:\/\/informacionlocal.es\/comienzan-los-actos-del-xxxii-memorial-manuel-velazquez-cabrera-del-cabildo-de-fuerteventura\/"},"modified":"2025-11-18T17:59:26","modified_gmt":"2025-11-18T17:59:26","slug":"comienzan-los-actos-del-xxxii-memorial-manuel-velazquez-cabrera-del-cabildo-de-fuerteventura","status":"publish","type":"post","link":"https:\/\/informacionlocal.es\/en\/comienzan-los-actos-del-xxxii-memorial-manuel-velazquez-cabrera-del-cabildo-de-fuerteventura\/","title":{"rendered":"Comienzan los actos del XXXII Memorial Manuel Vel\u00e1zquez Cabrera del Cabildo de Fuerteventura"},"content":{"rendered":"<div class=\"entry-content\"><strong>18 noviembre, 2025<\/strong><\/p>\n<p>El Cabildo de Fuerteventura ha dado comienzo hoy, martes, 18 de noviembre, a los actos del XXXII Memorial Manuel Vel\u00e1zquez Cabrera que organiza la Consejer\u00eda de Cultura. En la ma\u00f1ana se celebr\u00f3 el tradicional acto homenaje en el busto escult\u00f3rico de Manuel Vel\u00e1zquez Cabrera en calle Primero de Mayo de Puerto del Rosario.<\/p>\n<p>La presidenta del Cabildo, Lola Garc\u00eda, ha puesto en valor \u201cuna programaci\u00f3n de actos que reivindica una figura tan relevante como la del majorero Manuel Vel\u00e1zquez Cabrera, su legado y la importancia que tienen los gobiernos insulares en la mejora de la calidad de vida de las personas que aqu\u00ed vivimos y debemos tenerlo siempre presente\u201d.<\/p>\n<p>En el acto, estuvieron presentes, adem\u00e1s, la tercera teniente de alcalde de Puerto del Rosario, Mar\u00eda Franco, consejeros y consejeras de grupo de gobierno insular y oposici\u00f3n, as\u00ed como diputados parlamentarios y la directora insular de la Administraci\u00f3n General del Estado, Mar\u00eda Jes\u00fas de la Cruz.<\/p>\n<p>La programaci\u00f3n continuar\u00e1 esta tarde a las 19.00 horas, con un acto homenaje en la Plaza Manuel Vel\u00e1zquez Cabrera, en Tiscamanita, su localidad natal, que contar\u00e1 con recital po\u00e9tico a cargo de Ambrosio Hern\u00e1ndez y espect\u00e1culo musical del D\u00fao Pedro Ageno y Ayla Rodr\u00edguez.<\/p>\n<p>Las actividades continuar\u00e1n el 24 de noviembre, a las 18.30 horas, con la conferencia \u2018La casa Manuel Vel\u00e1zquez Cabrera: una propuesta de uso posible\u2019, a cargo del Viceconsejero de Cultura del Gobierno de Canarias, Horacio Umpierrez, que tendr\u00e1 lugar en el Centro Cultural de Tiscamanita.<\/p>\n<p>Con estos actos, el Cabildo de Fuerteventura recuerda la figura de uno de los grandes referentes de la historia majorera y canaria.<\/p>\n<\/div>\n","protected":false},"excerpt":{"rendered":"<p>18 noviembre, 2025 El Cabildo de Fuerteventura ha dado comienzo hoy, martes, 18 de noviembre, a los actos del XXXII Memorial Manuel Vel\u00e1zquez Cabrera que organiza la Consejer\u00eda de Cultura. [&hellip;]<\/p>\n","protected":false},"author":1,"featured_media":14179,"comment_status":"open","ping_status":"open","sticky":false,"template":"","format":"standard","meta":{"inline_featured_image":false,"jnews-multi-image_gallery":[],"jnews_single_post":[],"jnews_primary_category":[],"jnews_social_meta":[],"jnews_override_counter":[],"jnews_post_split":[],"footnotes":""},"categories":[58],"tags":[82],"class_list":["post-14177","post","type-post","status-publish","format-standard","has-post-thumbnail","hentry","category-cabildo","tag-fuerteventura"],"jetpack_featured_media_url":"https:\/\/informacionlocal.es\/wp-content\/uploads\/2025\/11\/20251118_manuel_velazquez_cabrera-4.jpg","_links":{"self":[{"href":"https:\/\/informacionlocal.es\/en\/wp-json\/wp\/v2\/posts\/14177","targetHints":{"allow":["GET"]}}],"collection":[{"href":"https:\/\/informacionlocal.es\/en\/wp-json\/wp\/v2\/posts"}],"about":[{"href":"https:\/\/informacionlocal.es\/en\/wp-json\/wp\/v2\/types\/post"}],"author":[{"embeddable":true,"href":"https:\/\/informacionlocal.es\/en\/wp-json\/wp\/v2\/users\/1"}],"replies":[{"embeddable":true,"href":"https:\/\/informacionlocal.es\/en\/wp-json\/wp\/v2\/comments?post=14177"}],"version-history":[{"count":0,"href":"https:\/\/informacionlocal.es\/en\/wp-json\/wp\/v2\/posts\/14177\/revisions"}],"wp:featuredmedia":[{"embeddable":true,"href":"https:\/\/informacionlocal.es\/en\/wp-json\/wp\/v2\/media\/14179"}],"wp:attachment":[{"href":"https:\/\/informacionlocal.es\/en\/wp-json\/wp\/v2\/media?parent=14177"}],"wp:term":[{"taxonomy":"category","embeddable":true,"href":"https:\/\/informacionlocal.es\/en\/wp-json\/wp\/v2\/categories?post=14177"},{"taxonomy":"post_tag","embeddable":true,"href":"https:\/\/informacionlocal.es\/en\/wp-json\/wp\/v2\/tags?post=14177"}],"curies":[{"name":"wp","href":"https:\/\/api.w.org\/{rel}","templated":true}]}}