{"id":14151,"date":"2025-11-18T16:59:02","date_gmt":"2025-11-18T16:59:02","guid":{"rendered":"https:\/\/informacionlocal.es\/puerto-del-rosario-da-la-bienvenida-a-la-navidad-con-un-encendido-lleno-de-magia-musica-y-sorpresas-en-la-calle-primero-de-mayo\/"},"modified":"2025-11-18T16:59:02","modified_gmt":"2025-11-18T16:59:02","slug":"puerto-del-rosario-da-la-bienvenida-a-la-navidad-con-un-encendido-lleno-de-magia-musica-y-sorpresas-en-la-calle-primero-de-mayo","status":"publish","type":"post","link":"https:\/\/informacionlocal.es\/en\/puerto-del-rosario-da-la-bienvenida-a-la-navidad-con-un-encendido-lleno-de-magia-musica-y-sorpresas-en-la-calle-primero-de-mayo\/","title":{"rendered":"Puerto del Rosario da la bienvenida a la Navidad con un encendido lleno de magia, m\u00fasica y sorpresas en la calle Primero de Mayo"},"content":{"rendered":"<div class=\"entry-content\">\n<ul>\n<li><span><strong>El acto se celebrar\u00e1 este viernes 28 de noviembre a partir de las 17:00 horas e incluir\u00e1 espect\u00e1culos, personajes navide\u00f1os, video mapping y el tradicional encendido oficial a las 18:00 h<\/strong><\/span><\/li>\n<\/ul>\n<p><span><strong>En Puerto del Rosario, a 18 de noviembre de 2025.-<\/strong> El Ayuntamiento de Puerto del Rosario dar\u00e1 inicio a la Navidad 2025 este viernes 28 de noviembre, con el esperado Encendido de Luces, que tendr\u00e1 lugar en la calle Primero de Mayo desde las 17:00 horas. Este evento marca el arranque de una programaci\u00f3n navide\u00f1a que este a\u00f1o llega cargada de novedades, tradici\u00f3n y un calendario m\u00e1s amplio que ocupar\u00e1 pr\u00e1cticamente todo el mes de diciembre y principios de enero.<\/span><\/p>\n<p><span>La celebraci\u00f3n del encendido ha sido dise\u00f1ada para que la calle se convierta en un espacio lleno de vida. Durante la tarde se suceder\u00e1n espect\u00e1culos muy variados, desde el bubble show, los cuentacuentos de Fidel Galv\u00e1n, el humor y destreza de Lu\u00eds Tot\u00f3 Ni\u00f1o con su espect\u00e1culo de malabares, hasta el sorprendente Mold\u00f3 Magic Show. Junto a ellos, los m\u00e1s peque\u00f1os podr\u00e1n encontrarse con diferentes personajes navide\u00f1os, incluido el siempre travieso Grinch, que animar\u00e1 el ambiente junto con la Academia Datana.<\/span><\/p>\n<p><span>La m\u00fasica tambi\u00e9n tendr\u00e1 un papel protagonista, con la actuaci\u00f3n del D\u00fao Anacruza Jazz, el recital l\u00edrico de Guillermo Gonz\u00e1lez (tenor) y Sandra Garc\u00eda (soprano) y la delicada representaci\u00f3n del cl\u00e1sico El Cascanueces, interpretado por la Escuela de Danza. A estos se sumar\u00e1n los temas de Mapy de la Fuente y la noche de boleros de D\u00fao Stylo, que pondr\u00e1n la nota \u00edntima y elegante antes del encendido.<\/span><\/p>\n<p><img loading=\"lazy\" decoding=\"async\" loading=\"lazy\" class=\"size-large wp-image-157714 aligncenter\" src=\"https:\/\/informacionlocal.es\/wp-content\/uploads\/2025\/11\/encendido-de-navidad-sra3-print-1_page-0001-743x1024-1.jpg\" width=\"743\" height=\"1024\" title=\"encendido-de-navidad-sra3-print-1_page-0001-743x1024-1\"><\/p>\n<p><span>La tarde se completar\u00e1 con puestos dulces, minimercado artesanal, dinamizaci\u00f3n continua y la primera edici\u00f3n del Certamen Internacional de Esculturas Humanas. Adem\u00e1s, la fachada de la Iglesia de Puerto del Rosario se convertir\u00e1 en un lienzo con un espectacular video mapping, que tendr\u00e1 tambi\u00e9n pases espec\u00edficos el viernes 28 de noviembre, a las 19:00, 19:30 y 20:00 horas, tal como contempla el programa oficial.<\/span><\/p>\n<p><span>David de Vera, alcalde de Puerto del Rosario, subray\u00f3 la importancia de este arranque festivo. \u201cEl encendido no es solo un acto simb\u00f3lico, es el punto de partida de semanas llenas de cultura, tradici\u00f3n y encuentro. Cada a\u00f1o vemos c\u00f3mo las familias esperan este momento con una ilusi\u00f3n enorme y eso nos impulsa a seguir mejorando\u201d.<\/span><\/p>\n<p><span>Por su parte, Tacoremi Guti\u00e9rrez, concejala de Comercio y Festejos, destac\u00f3 el trabajo detr\u00e1s del programa navide\u00f1o. \u201cHemos preparado un encendido muy especial, lleno de actuaciones y detalles que sorprender\u00e1n tanto a ni\u00f1os como a adultos. Pero adem\u00e1s, este a\u00f1o contamos con un programa de Navidad m\u00e1s amplio, con actividades nuevas y otras muy queridas, como el Bel\u00e9n Gigante, el Mercado de Navidad o la Cabalgata\u201d.<\/span><\/p>\n<p><span><strong>Un adelanto del resto de la Navidad<\/strong><\/span><\/p>\n<p><span>El Encendido de Luces ser\u00e1 solo el primer paso de un programa que incluye momentos muy esperados cada a\u00f1o. Entre ellos, la inauguraci\u00f3n del Bel\u00e9n Gigante del Barranco Pil\u00f3n, que abrir\u00e1 al p\u00fablico desde el 4 de diciembre hasta el 6 de enero, as\u00ed como el Concurso de Decoraci\u00f3n Navide\u00f1a de escaparates y fachadas, que vuelve a poner en valor la creatividad de comercios y vecinos, con votaciones abiertas a trav\u00e9s de www.decorapuerto.com.<\/span><\/p>\n<p><span>El calendario navide\u00f1o seguir\u00e1 con propuestas culturales y familiares, como el Mercado de Navidad en la Avenida Reyes de Espa\u00f1a, que abrir\u00e1 desde el 20 de diciembre al 5 de enero, el tradicional Tren de las Luces, y actividades especiales como el servicio de empaquetado solidario de regalos, la scape room, espect\u00e1culos musicales, y c\u00f3mo no, la gran Cabalgata de los Reyes Magos, que recorrer\u00e1 la ciudad el 5 de enero desde el Muelle Comercial.<\/span><\/p>\n<p><span>Todo ello conforma un programa extenso y variado, pensado para que cada vecina y vecino encuentre su momento de disfrute durante estas fechas tan especiales.<\/span><\/p>\n<p><strong><span>PROGRAMA NAVIDAD PUERTO DEL ROSARIO 2025 \u2013 2026<\/span><\/strong><\/p>\n<p><img loading=\"lazy\" decoding=\"async\" loading=\"lazy\" class=\"size-large wp-image-157706 aligncenter\" src=\"https:\/\/informacionlocal.es\/wp-content\/uploads\/2025\/11\/1-4-724x1024-1.jpg\" width=\"724\" height=\"1024\" title=\"1-4-724x1024-1\"><\/p>\n<p>\u00a0<\/p>\n<p><img loading=\"lazy\" decoding=\"async\" loading=\"lazy\" class=\"size-large wp-image-157709 aligncenter\" src=\"https:\/\/informacionlocal.es\/wp-content\/uploads\/2025\/11\/21-724x1024-1.jpg\" width=\"724\" height=\"1024\" title=\"21-724x1024-1\"><\/p>\n<p>\u00a0<\/p>\n<p><img loading=\"lazy\" decoding=\"async\" loading=\"lazy\" class=\"size-large wp-image-157708 aligncenter\" src=\"https:\/\/informacionlocal.es\/wp-content\/uploads\/2025\/11\/31-724x1024-1.jpg\" width=\"724\" height=\"1024\" title=\"31-724x1024-1\"><\/p>\n<p>\u00a0<\/p>\n<p><img loading=\"lazy\" decoding=\"async\" loading=\"lazy\" class=\"size-large wp-image-157707 aligncenter\" src=\"https:\/\/informacionlocal.es\/wp-content\/uploads\/2025\/11\/41-724x1024-1.jpg\" width=\"724\" height=\"1024\" title=\"41-724x1024-1\"><\/p>\n<\/div>\n","protected":false},"excerpt":{"rendered":"<p>El acto se celebrar\u00e1 este viernes 28 de noviembre a partir de las 17:00 horas e incluir\u00e1 espect\u00e1culos, personajes navide\u00f1os, video mapping y el tradicional encendido oficial a las 18:00 [&hellip;]<\/p>\n","protected":false},"author":1,"featured_media":14153,"comment_status":"open","ping_status":"open","sticky":false,"template":"","format":"standard","meta":{"inline_featured_image":false,"jnews-multi-image_gallery":[],"jnews_single_post":[],"jnews_primary_category":[],"jnews_social_meta":[],"jnews_override_counter":[],"jnews_post_split":[],"footnotes":""},"categories":[61],"tags":[211],"class_list":["post-14151","post","type-post","status-publish","format-standard","has-post-thumbnail","hentry","category-puerto-del-rosario","tag-puerto-del-rosario"],"jetpack_featured_media_url":"https:\/\/informacionlocal.es\/wp-content\/uploads\/2025\/11\/encendido-navidad-1.png","_links":{"self":[{"href":"https:\/\/informacionlocal.es\/en\/wp-json\/wp\/v2\/posts\/14151","targetHints":{"allow":["GET"]}}],"collection":[{"href":"https:\/\/informacionlocal.es\/en\/wp-json\/wp\/v2\/posts"}],"about":[{"href":"https:\/\/informacionlocal.es\/en\/wp-json\/wp\/v2\/types\/post"}],"author":[{"embeddable":true,"href":"https:\/\/informacionlocal.es\/en\/wp-json\/wp\/v2\/users\/1"}],"replies":[{"embeddable":true,"href":"https:\/\/informacionlocal.es\/en\/wp-json\/wp\/v2\/comments?post=14151"}],"version-history":[{"count":0,"href":"https:\/\/informacionlocal.es\/en\/wp-json\/wp\/v2\/posts\/14151\/revisions"}],"wp:featuredmedia":[{"embeddable":true,"href":"https:\/\/informacionlocal.es\/en\/wp-json\/wp\/v2\/media\/14153"}],"wp:attachment":[{"href":"https:\/\/informacionlocal.es\/en\/wp-json\/wp\/v2\/media?parent=14151"}],"wp:term":[{"taxonomy":"category","embeddable":true,"href":"https:\/\/informacionlocal.es\/en\/wp-json\/wp\/v2\/categories?post=14151"},{"taxonomy":"post_tag","embeddable":true,"href":"https:\/\/informacionlocal.es\/en\/wp-json\/wp\/v2\/tags?post=14151"}],"curies":[{"name":"wp","href":"https:\/\/api.w.org\/{rel}","templated":true}]}}