{"id":14095,"date":"2025-11-17T17:58:38","date_gmt":"2025-11-17T17:58:38","guid":{"rendered":"https:\/\/informacionlocal.es\/el-cabildo-de-fuerteventura-asfalta-desde-hoy-ocho-kilometros-de-la-fv-2-entre-pecenescal-y-la-glorieta-de-las-gaviotas\/"},"modified":"2025-11-17T17:58:38","modified_gmt":"2025-11-17T17:58:38","slug":"el-cabildo-de-fuerteventura-asfalta-desde-hoy-ocho-kilometros-de-la-fv-2-entre-pecenescal-y-la-glorieta-de-las-gaviotas","status":"publish","type":"post","link":"https:\/\/informacionlocal.es\/en\/el-cabildo-de-fuerteventura-asfalta-desde-hoy-ocho-kilometros-de-la-fv-2-entre-pecenescal-y-la-glorieta-de-las-gaviotas\/","title":{"rendered":"El Cabildo de Fuerteventura asfalta desde hoy ocho kil\u00f3metros de la FV-2, entre Pecenescal y la glorieta de Las Gaviotas"},"content":{"rendered":"<div class=\"entry-content\"><strong>17 noviembre, 2025<\/strong><\/p>\n<p><em><strong>Es uno de los tramos m\u00e1s transitados de la isla y sufre desgaste superficial generalizado<\/strong><\/em><\/p>\n<p>El Cabildo de Fuerteventura, desde el servicio<br \/>\nde Carreteras, ha iniciado hoy los trabajos de asfaltado y reposici\u00f3n de<br \/>\nse\u00f1ales de tr\u00e1fico y elementos de seguridad vial en ocho kil\u00f3metros de la FV-2,<br \/>\nentre Pecenescal y la glorieta de Las Gaviotas (la rotonda con esculturas de<br \/>\nni\u00f1os). Se trata de uno de los tramos m\u00e1s transitados de la isla y por ello<br \/>\nregistra un desgaste superficial generalizado que ahora se corregir\u00e1.<\/p>\n<p>La presidenta del Cabildo, Lola Garc\u00eda,<br \/>\ndestaca la importancia del mantenimiento continuo de la red insular de<br \/>\ncarreteras, unos trabajos que son clave para su conservaci\u00f3n y buen estado, y<br \/>\nque permiten mejorar la seguridad y la comodidad de las personas usuarias, con<br \/>\nacciones en todo el territorio insular.<\/p>\n<p>El consejero de Carreteras, Blas Acosta,<br \/>\nexplica que \u201cla seguridad en el tr\u00e1nsito de veh\u00edculos es vital tanto para las<br \/>\nrutinas familiares y sociales como para la actividad econ\u00f3mica; adem\u00e1s, las<br \/>\ninfraestructuras viales son un escaparate que refleja el nivel de nuestro<br \/>\ndestino tur\u00edstico y que influye en la percepci\u00f3n de satisfacci\u00f3n que se lleva<br \/>\nel visitante de vuelta a su casa y que transmitir\u00e1 a su c\u00edrculo de influencia\u201d.<\/p>\n<p>Los trabajos que han comenzado hoy afectan al<br \/>\ntramo que une los puntos kilom\u00e9tricos 74,3 y 82,3 de la FV-2. En dicho tramo se<br \/>\nrealizar\u00e1n labores de fresado del firme y tambi\u00e9n de zonas colindantes para<br \/>\nevitar escalones entre la cuneta y el firme, barrido y sellado de las fisuras<br \/>\ndel pavimento, reposici\u00f3n de la capa de rodadura, reposici\u00f3n de las se\u00f1ales de<br \/>\ntr\u00e1fico horizontales, sustituci\u00f3n de las se\u00f1ales de tr\u00e1fico verticales,<br \/>\nsustituci\u00f3n de elementos de balizamiento como captafaros ojos de gato, balizas<br \/>\ncil\u00edndricas, hitos de v\u00e9rtices, hitos de aristas, etc\u00e9tera, y reposici\u00f3n de la<br \/>\nsecci\u00f3n de drenaje.<\/p>\n<p>Estos trabajos de asfaltado y sustituci\u00f3n de<br \/>\nelementos de seguridad vial en la FV-2 se han programado para afectar lo menos<br \/>\nposible al tr\u00e1fico, por lo que se operar\u00e1 cada vez en un carril y se mantendr\u00e1<br \/>\nabierto el otro en el mismo sentido.<\/p>\n<p>El mantenimiento continuo de las carreteras es<br \/>\nla mejor manera de mantener los niveles de seguridad y de ahorrar costes, ya<br \/>\nque el abandono de estas infraestructuras obligar\u00eda a realizar inversiones<br \/>\nmayores para recuperarlas, por lo que la planificaci\u00f3n de los trabajos de conservaci\u00f3n<br \/>\nes clave en el Servicio de Carreteras del Cabildo.<\/p>\n<\/div>\n","protected":false},"excerpt":{"rendered":"<p>17 noviembre, 2025 Es uno de los tramos m\u00e1s transitados de la isla y sufre desgaste superficial generalizado El Cabildo de Fuerteventura, desde el servicio de Carreteras, ha iniciado hoy [&hellip;]<\/p>\n","protected":false},"author":1,"featured_media":14097,"comment_status":"open","ping_status":"open","sticky":false,"template":"","format":"standard","meta":{"inline_featured_image":false,"jnews-multi-image_gallery":[],"jnews_single_post":[],"jnews_primary_category":[],"jnews_social_meta":[],"jnews_override_counter":[],"jnews_post_split":[],"footnotes":""},"categories":[58],"tags":[82],"class_list":["post-14095","post","type-post","status-publish","format-standard","has-post-thumbnail","hentry","category-cabildo","tag-fuerteventura"],"jetpack_featured_media_url":"https:\/\/informacionlocal.es\/wp-content\/uploads\/2025\/11\/carreteras-asfaltado-fv-2-2.jpeg","_links":{"self":[{"href":"https:\/\/informacionlocal.es\/en\/wp-json\/wp\/v2\/posts\/14095","targetHints":{"allow":["GET"]}}],"collection":[{"href":"https:\/\/informacionlocal.es\/en\/wp-json\/wp\/v2\/posts"}],"about":[{"href":"https:\/\/informacionlocal.es\/en\/wp-json\/wp\/v2\/types\/post"}],"author":[{"embeddable":true,"href":"https:\/\/informacionlocal.es\/en\/wp-json\/wp\/v2\/users\/1"}],"replies":[{"embeddable":true,"href":"https:\/\/informacionlocal.es\/en\/wp-json\/wp\/v2\/comments?post=14095"}],"version-history":[{"count":0,"href":"https:\/\/informacionlocal.es\/en\/wp-json\/wp\/v2\/posts\/14095\/revisions"}],"wp:featuredmedia":[{"embeddable":true,"href":"https:\/\/informacionlocal.es\/en\/wp-json\/wp\/v2\/media\/14097"}],"wp:attachment":[{"href":"https:\/\/informacionlocal.es\/en\/wp-json\/wp\/v2\/media?parent=14095"}],"wp:term":[{"taxonomy":"category","embeddable":true,"href":"https:\/\/informacionlocal.es\/en\/wp-json\/wp\/v2\/categories?post=14095"},{"taxonomy":"post_tag","embeddable":true,"href":"https:\/\/informacionlocal.es\/en\/wp-json\/wp\/v2\/tags?post=14095"}],"curies":[{"name":"wp","href":"https:\/\/api.w.org\/{rel}","templated":true}]}}