{"id":14083,"date":"2025-11-17T10:58:29","date_gmt":"2025-11-17T10:58:29","guid":{"rendered":"https:\/\/informacionlocal.es\/fuerteventura-renueva-la-certificacion-como-reserva-starlight-hasta-el-2029\/"},"modified":"2025-11-17T10:58:29","modified_gmt":"2025-11-17T10:58:29","slug":"fuerteventura-renueva-la-certificacion-como-reserva-starlight-hasta-el-2029","status":"publish","type":"post","link":"https:\/\/informacionlocal.es\/en\/fuerteventura-renueva-la-certificacion-como-reserva-starlight-hasta-el-2029\/","title":{"rendered":"Fuerteventura renueva la certificaci\u00f3n como Reserva Starlight hasta el 2029"},"content":{"rendered":"<div class=\"entry-content\"><strong>17 noviembre, 2025<\/strong><\/p>\n<p><em><strong>El Cabildo refuerza su compromiso por reducir la contaminaci\u00f3n lum\u00ednica en la Isla y revalorizar el patrimonio cultural y natural asociado a los cielos y la astronom\u00eda<\/strong><\/em><\/p>\n<p>Fuerteventura continuar\u00e1 disfrutando de su condici\u00f3n de Reserva Starlight hasta el a\u00f1o 2029 al haber superado la segunda evaluaci\u00f3n de todos los par\u00e1metros oficiales establecidos por la Fundaci\u00f3n que acredita y reconoce el compromiso con la defensa de la calidad del cielo, el acceso a la luz de las estrellas y los diferentes valores asociados de tipo cultural, cient\u00edfico y natural.<\/p>\n<p>La presidenta del Cabildo de Fuerteventura, Lola Garc\u00eda, valora positivamente \u201cla renovaci\u00f3n de la certificaci\u00f3n, que supone un reconocimiento al compromiso de Fuerteventura en la defensa de la calidad de su cielo y sus valores cient\u00edficos, naturales y culturales. Unos valores que debemos defender, ya que forman parte de los atractivos de la Isla y la identidad de la tierra majorera\u201d.<\/p>\n<p>Desde la Consejer\u00eda de Turismo del Cabildo de Fuerteventura y la Reserva de la Biosfera que dirige la Consejera, Marlene Figueroa, se subraya la importancia de proteger y revalorizar el patrimonio cultural y natural asociado al cielo y la astronom\u00eda, y se considera como un \u00e9xito de gesti\u00f3n que entre las conclusiones del informe realizado por la Fundaci\u00f3n Starlight\u00a0fundacionstarlight.org\u00a0se subraya la \u201cexcelencia astron\u00f3mica mantenida\u201d de Fuerteventura, reconociendo el esfuerzo que viene realiz\u00e1ndose en la Isla por mantener un cielo nocturno de calidad excepcional.<\/p>\n<p>Marlene Figueroa explica que desde el Cabildo se ha realizado un esfuerzo en el presente a\u00f1o para reducir la contaminaci\u00f3n lum\u00ednica y mejorar de forma considerable todos los par\u00e1metros que son evaluados. No obstante, hace un llamamiento a los t\u00e9cnicos de todas las administraciones de la Isla \u201cpara que contribuyan en conservar este tesoro que son nuestros cielos, hoy admirados y que tambi\u00e9n guiaron a nuestros antepasados constituyendo parte esencial de sus creencias y ceremonias sagradas, es decir de nuestra identidad\u201d.<\/p>\n<p>La Fundaci\u00f3n Starlight ha elevado el rigor cient\u00edfico en el informe de 2025 al introducir un exigente an\u00e1lisis cuantitativo que utiliza datos de la red AERONET de la NASA para cuantificar los niveles de transparencia de los cielos, as\u00ed como el impacto del polvo sahariano (calima) y los aerosoles, estimando que afecta a un 15-20% de las noches despejadas al a\u00f1o.<\/p>\n<p>Se constata a partir de este estudio un progreso significativo en la mitigaci\u00f3n de la contaminaci\u00f3n lum\u00ednica en sitios clave como Cofete, donde la Consejer\u00eda de Turismo del Cabildo desarrolla un proyecto de alumbrado p\u00fablico fotovoltaico sensible a preservar la espectacularidad de los cielos que cuenta con financiaci\u00f3n europea de los fondos Next Generation dentro del Plan de Sostenibilidad Tur\u00edstica en Destino (PSTD) en el marco del programa \u201cFuerte por Naturaleza\u201d. As\u00ed mismo tambi\u00e9n se subrayan los avances realizados en Betancuria y en La Oliva con un proyecto masivo de 5.000 puntos de luz.<\/p>\n<p>Entre las propuestas de mejora de la Fundaci\u00f3n Starlight, los evaluadores instan al Cabildo de Fuerteventura y a la Reserva de la Biosfera a promover una ordenanza insular de protecci\u00f3n del cielo nocturno unificada y de obligado cumplimiento, en coherencia con de la Ley del Cielo de Canarias, ya que este sigue siendo el riesgo m\u00e1s significativo para la sostenibilidad de la Reserva Starlight, a pesar de los avances en infraestructuras.<\/p>\n<p>Tambi\u00e9n se sugiere establecer una Red Permanente de Monitoreo de la Calidad del Cielo con fot\u00f3metros autom\u00e1ticos fijos, completar la transici\u00f3n al alumbrado p\u00fablico 100% Starlight con un cronograma definido y objetivos de cara al a\u00f1o 2027. Tambi\u00e9n insta a la Reserva de la Biosfera a formalizar la colaboraci\u00f3n con el Instituto de Astrof\u00edsica de Canarias (IAC) para asegurar el m\u00e1ximo rigor cient\u00edfico.<\/p>\n<p>En el estudio diagn\u00f3stico para la certificaci\u00f3n se tiene en cuenta sobre todo la caracterizaci\u00f3n de las zonas m\u00e1s oscuras de la Isla, que corresponden a la costa Oeste de la isla (con la exclusi\u00f3n de las zonas tur\u00edsticas y los pueblos costeros), as\u00ed como a una zona central de la costa Este, conocida como los Cuchillos de Vig\u00e1n, entre los enclaves de Pozo Negro y Las Playitas.<\/p>\n<p>Sin embargo, como consecuencia de la organizaci\u00f3n cada vez m\u00e1s frecuentes de eventos relacionados con el cielo nocturno y los valores de la Reserva Starlight, se han venido a\u00f1adiendo otros enclaves por su valor estrat\u00e9gico para el astroturismo. Tal es el caso del Observatorio de Sicasumbre o la zona de La Atalayita\/Tenicosquey, teatro de las populares observaciones de la L\u00e1grimas de San Lorenzo del Ayuntamiento de Antigua y de las actividades astrotur\u00edsticas que se realizan en la Finca Verdeaurora, el albergue el Cohombrillo o en la Piconera de Lajares o en La Tener\u00eda, en M\u00e9zquez, donde se ha celebrado en varias ocasiones el D\u00eda Internacional de Las Estrellas organizado por el Ayuntamiento de P\u00e1jara.<\/p>\n<p>Tambi\u00e9n se han revelado de inter\u00e9s zonas como las playas de Tarajalejo y La Lajita, la monta\u00f1a de Ampuyenta, el barranco de la Torre, los Llanos de Mafasca, el Gran Valle de Jand\u00eda etc., por su cercan\u00eda a los centros tur\u00edsticos y la comodidad de acceso, que a menudo es preferida por muchos turistas respecto a una mejor oscuridad del cielo.<\/p>\n<\/div>\n","protected":false},"excerpt":{"rendered":"<p>17 noviembre, 2025 El Cabildo refuerza su compromiso por reducir la contaminaci\u00f3n lum\u00ednica en la Isla y revalorizar el patrimonio cultural y natural asociado a los cielos y la astronom\u00eda [&hellip;]<\/p>\n","protected":false},"author":1,"featured_media":14085,"comment_status":"open","ping_status":"open","sticky":false,"template":"","format":"standard","meta":{"inline_featured_image":false,"jnews-multi-image_gallery":[],"jnews_single_post":[],"jnews_primary_category":[],"jnews_social_meta":[],"jnews_override_counter":[],"jnews_post_split":[],"footnotes":""},"categories":[58],"tags":[69,82],"class_list":["post-14083","post","type-post","status-publish","format-standard","has-post-thumbnail","hentry","category-cabildo","tag-eventos","tag-fuerteventura"],"jetpack_featured_media_url":"https:\/\/informacionlocal.es\/wp-content\/uploads\/2025\/11\/starlight-624x415-1.jpg","_links":{"self":[{"href":"https:\/\/informacionlocal.es\/en\/wp-json\/wp\/v2\/posts\/14083","targetHints":{"allow":["GET"]}}],"collection":[{"href":"https:\/\/informacionlocal.es\/en\/wp-json\/wp\/v2\/posts"}],"about":[{"href":"https:\/\/informacionlocal.es\/en\/wp-json\/wp\/v2\/types\/post"}],"author":[{"embeddable":true,"href":"https:\/\/informacionlocal.es\/en\/wp-json\/wp\/v2\/users\/1"}],"replies":[{"embeddable":true,"href":"https:\/\/informacionlocal.es\/en\/wp-json\/wp\/v2\/comments?post=14083"}],"version-history":[{"count":0,"href":"https:\/\/informacionlocal.es\/en\/wp-json\/wp\/v2\/posts\/14083\/revisions"}],"wp:featuredmedia":[{"embeddable":true,"href":"https:\/\/informacionlocal.es\/en\/wp-json\/wp\/v2\/media\/14085"}],"wp:attachment":[{"href":"https:\/\/informacionlocal.es\/en\/wp-json\/wp\/v2\/media?parent=14083"}],"wp:term":[{"taxonomy":"category","embeddable":true,"href":"https:\/\/informacionlocal.es\/en\/wp-json\/wp\/v2\/categories?post=14083"},{"taxonomy":"post_tag","embeddable":true,"href":"https:\/\/informacionlocal.es\/en\/wp-json\/wp\/v2\/tags?post=14083"}],"curies":[{"name":"wp","href":"https:\/\/api.w.org\/{rel}","templated":true}]}}