{"id":14019,"date":"2025-11-14T18:58:23","date_gmt":"2025-11-14T18:58:23","guid":{"rendered":"https:\/\/informacionlocal.es\/el-ayuntamiento-de-pajara-da-un-paso-mas-en-la-mejora-de-los-servicios-de-la-lajita\/"},"modified":"2025-11-14T18:58:23","modified_gmt":"2025-11-14T18:58:23","slug":"el-ayuntamiento-de-pajara-da-un-paso-mas-en-la-mejora-de-los-servicios-de-la-lajita","status":"publish","type":"post","link":"https:\/\/informacionlocal.es\/en\/el-ayuntamiento-de-pajara-da-un-paso-mas-en-la-mejora-de-los-servicios-de-la-lajita\/","title":{"rendered":"El Ayuntamiento de P\u00e1jara da un paso m\u00e1s en la mejora de los servicios de La Lajita\u00a0"},"content":{"rendered":"<div class=\"entry-content\">\n<p><b><i>El Consejo Insular de Aguas de Fuerteventura aprueba el proyecto de la nueva Estaci\u00f3n Depuradora de Aguas Residuales de la localidad\u00a0<\/i><\/b><\/p>\n<p><span>El Consejo Insular de Aguas de Fuerteventura ha dado luz verde al proyecto de construcci\u00f3n de la nueva Estaci\u00f3n Depuradora de Aguas Residuales (EDAR) de La Lajita, una infraestructura esencial para garantizar el adecuado tratamiento de las aguas residuales del n\u00facleo poblacional y posibilitar el desarrollo del \u00e1mbito urban\u00edstico \u201cLa Lajita 2000\u201d.<\/span><\/p>\n<p><span>La EDAR actualmente existente, dise\u00f1ada para 35 m\u00b3\/d\u00eda, se encuentra en un estado muy deteriorado y completamente obsoleta. Su capacidad y condiciones actuales la hacen inviable para integrarla en una nueva l\u00ednea de proceso.<\/span><\/p>\n<p><span>El proyecto aprobado contempla un caudal de tratamiento de 600 m\u00b3\/d\u00eda en el horizonte 1, as\u00ed como la ejecuci\u00f3n de elementos preparados para permitir una ampliaci\u00f3n futura hasta alcanzar 1.200 m\u00b3\/d\u00eda en el horizonte 2. Debido a la situaci\u00f3n de las instalaciones actuales, se prev\u00e9 su demolici\u00f3n completa y la construcci\u00f3n de una nueva EDAR equipada con tecnolog\u00eda avanzada y tratamiento terciario.<\/span><\/p>\n<p><span>La actuaci\u00f3n se desarrollar\u00e1 en los terrenos actualmente ocupados por la EDAR, de titularidad del Ayuntamiento de P\u00e1jara, garantizando el espacio necesario para su futura ampliaci\u00f3n y para la implantaci\u00f3n de todos los procesos de depuraci\u00f3n previstos.<\/span><\/p>\n<p><span>El concejal de Urbanismo del Ayuntamiento de P\u00e1jara, Alexis Alonso Rodr\u00edguez, impulsor del proyecto de urbanizaci\u00f3n y reparcelaci\u00f3n del SUNCO La Lajita, destac\u00f3 la importancia de esta infraestructura para el crecimiento ordenado del n\u00facleo: \u201cLa aprobaci\u00f3n de la nueva EDAR es un paso decisivo que permite avanzar en el desarrollo del \u00e1mbito SUNCO La Lajita 2000. Gracias a esta instalaci\u00f3n, junto a las obras de urbanizaci\u00f3n necesarias impulsadas por esta concejal\u00eda, la zona podr\u00e1 crecer de forma sostenible, con nuevas viviendas, equipamientos y servicios que el municipio de P\u00e1jara necesita desde hace a\u00f1os\u201d.<\/span><\/p>\n<p><span>Alonso Rodr\u00edguez subray\u00f3 adem\u00e1s el impacto positivo que tendr\u00e1 para la planificaci\u00f3n municipal: \u201cEsta actuaci\u00f3n no solo resuelve un problema hist\u00f3rico de depuraci\u00f3n, sino que abre la puerta a un futuro mejor para los vecinos de La Lajita y para todo el municipio. Es una infraestructura estrat\u00e9gica que garantiza la seguridad h\u00eddrica y nos permite seguir avanzando en proyectos que puedan resolver la emergencia habitacional del municipio\u201d.<\/span><\/p>\n<p><span>Por su parte, el alcalde de P\u00e1jara, Alejandro Jorge, califica de \u201cmuy buena noticia\u201d la aprobaci\u00f3n del proyecto por parte del Consejo Insular de Aguas y subraya que \u201cdesde el Ayuntamiento siempre hemos mantenido el compromiso de trabajar en base a certezas, y este hecho lo demuestra. El equipo t\u00e9cnico municipal ha estado inmerso en la consecuci\u00f3n de una infraestructura vital para el desarrollo de La Lajita. Garantizando el agua se garantiza un elemento imprescindible para el desarrollo de esta localidad, la construcci\u00f3n de viviendas y las instalaciones p\u00fablicas se har\u00e1n realidad si continuamos dando los pasos adecuados\u201d. <\/span><\/p>\n<\/div>\n","protected":false},"excerpt":{"rendered":"<p><i>El Consejo Insular de Aguas de Fuerteventura aprueba el proyecto de la nueva Estaci\u00f3n Depuradora de Aguas Residuales de la localidad\u00a0<\/i><\/p>\n","protected":false},"author":1,"featured_media":14021,"comment_status":"open","ping_status":"open","sticky":false,"template":"","format":"standard","meta":{"inline_featured_image":false,"jnews-multi-image_gallery":[],"jnews_single_post":[],"jnews_primary_category":[],"jnews_social_meta":[],"jnews_override_counter":[],"jnews_post_split":[],"footnotes":""},"categories":[63],"tags":[82,363],"class_list":["post-14019","post","type-post","status-publish","format-standard","has-post-thumbnail","hentry","category-pajara","tag-fuerteventura","tag-urbanismo"],"jetpack_featured_media_url":"https:\/\/informacionlocal.es\/wp-content\/uploads\/2025\/11\/la-lajita.jpeg","_links":{"self":[{"href":"https:\/\/informacionlocal.es\/en\/wp-json\/wp\/v2\/posts\/14019","targetHints":{"allow":["GET"]}}],"collection":[{"href":"https:\/\/informacionlocal.es\/en\/wp-json\/wp\/v2\/posts"}],"about":[{"href":"https:\/\/informacionlocal.es\/en\/wp-json\/wp\/v2\/types\/post"}],"author":[{"embeddable":true,"href":"https:\/\/informacionlocal.es\/en\/wp-json\/wp\/v2\/users\/1"}],"replies":[{"embeddable":true,"href":"https:\/\/informacionlocal.es\/en\/wp-json\/wp\/v2\/comments?post=14019"}],"version-history":[{"count":0,"href":"https:\/\/informacionlocal.es\/en\/wp-json\/wp\/v2\/posts\/14019\/revisions"}],"wp:featuredmedia":[{"embeddable":true,"href":"https:\/\/informacionlocal.es\/en\/wp-json\/wp\/v2\/media\/14021"}],"wp:attachment":[{"href":"https:\/\/informacionlocal.es\/en\/wp-json\/wp\/v2\/media?parent=14019"}],"wp:term":[{"taxonomy":"category","embeddable":true,"href":"https:\/\/informacionlocal.es\/en\/wp-json\/wp\/v2\/categories?post=14019"},{"taxonomy":"post_tag","embeddable":true,"href":"https:\/\/informacionlocal.es\/en\/wp-json\/wp\/v2\/tags?post=14019"}],"curies":[{"name":"wp","href":"https:\/\/api.w.org\/{rel}","templated":true}]}}