{"id":14007,"date":"2025-11-14T16:58:37","date_gmt":"2025-11-14T16:58:37","guid":{"rendered":"https:\/\/informacionlocal.es\/desactivacion-del-plan-insular-de-emergencias-de-fuerteventura-pein\/"},"modified":"2025-11-14T16:58:37","modified_gmt":"2025-11-14T16:58:37","slug":"desactivacion-del-plan-insular-de-emergencias-de-fuerteventura-pein","status":"publish","type":"post","link":"https:\/\/informacionlocal.es\/en\/desactivacion-del-plan-insular-de-emergencias-de-fuerteventura-pein\/","title":{"rendered":"\ufeffDesactivaci\u00f3n del Plan Insular de Emergencias de Fuerteventura (PEIN)"},"content":{"rendered":"<div class=\"entry-content\"><strong>14 noviembre, 2025<\/strong><\/p>\n<p><\/p>\n<p>El Cabildo Insular de Fuerteventura, informa de la desactivaci\u00f3n del Plan Insular de Emergencias de Fuerteventura (PEIN), que se har\u00e1 efectiva a las 07:00 horas de hoy, viernes 14 de noviembre. Esta decisi\u00f3n se toma en vista de la evoluci\u00f3n favorable del episodio de meteorolog\u00eda adversa y la notable disminuci\u00f3n de las incidencias asociadas en las \u00faltimas horas.<\/p>\n<p>El seguimiento realizado por el Centro Coordinador de Emergencias y Seguridad (CECOES) 1-1-2 constata un descenso en el n\u00famero de incidentes, relacionadas principalmente con problemas de alcantarillado, peque\u00f1os desprendimientos y cortes de suministro.<\/p>\n<p>En coordinaci\u00f3n con el Gobierno de Canarias, se ha procedido a la actualizaci\u00f3n y finalizaci\u00f3n de los planes de protecci\u00f3n civil y atenci\u00f3n de emergencias. A continuaci\u00f3n, se detalla la situaci\u00f3n de los planes gestionados por la Direcci\u00f3n General de Emergencias que afectan a la Isla de Fuerteventura.<\/p>\n<table class=\"wp-block-table\">\n<thead>\n<tr>\n<td>Plan de Emergencia<\/td>\n<td>Estado y Medida<\/td>\n<td>Hora de Efectividad<\/td>\n<\/tr>\n<\/thead>\n<tbody>\n<tr>\n<td><strong>PEFMA por Tormentas<\/strong><\/td>\n<td>Finalizaci\u00f3n de la Prealerta<\/td>\n<td>18:00h jueves 13<\/td>\n<\/tr>\n<tr>\n<td><strong>PEFMA por Lluvias y PEINCA<\/strong><\/td>\n<td>Finalizaci\u00f3n de la Alerta<\/td>\n<td>20:00h jueves 13<\/td>\n<\/tr>\n<tr>\n<td><strong>PEFMA por Vientos<\/strong><\/td>\n<td>Pasa de Alerta a Prealerta en cumbres<\/td>\n<td>18:00h jueves 13<\/td>\n<\/tr>\n<tr>\n<td><strong>PEFMA por Fen\u00f3menos Costeros<\/strong><\/td>\n<td>Actualizaci\u00f3n y mantenimiento de la Prealerta<\/td>\n<td>00:00h<\/td>\n<\/tr>\n<\/tbody>\n<\/table>\n<p>Desde el Cabildo de Fuerteventura se desea expresar un profundo agradecimiento a toda la ciudadan\u00eda por su ejemplar colaboraci\u00f3n. La adopci\u00f3n de medidas de autoprotecci\u00f3n recomendadas ha sido clave para minimizar los riesgos y evitar que se registraran incidencias de car\u00e1cter grave durante este episodio.<\/p>\n<\/div>\n","protected":false},"excerpt":{"rendered":"<p>14 noviembre, 2025 El Cabildo Insular de Fuerteventura, informa de la desactivaci\u00f3n del Plan Insular de Emergencias de Fuerteventura (PEIN), que se har\u00e1 efectiva a las 07:00 horas de hoy, [&hellip;]<\/p>\n","protected":false},"author":1,"featured_media":14009,"comment_status":"open","ping_status":"open","sticky":false,"template":"","format":"standard","meta":{"inline_featured_image":false,"jnews-multi-image_gallery":[],"jnews_single_post":[],"jnews_primary_category":[],"jnews_social_meta":[],"jnews_override_counter":[],"jnews_post_split":[],"footnotes":""},"categories":[58],"tags":[82],"class_list":["post-14007","post","type-post","status-publish","format-standard","has-post-thumbnail","hentry","category-cabildo","tag-fuerteventura"],"jetpack_featured_media_url":"https:\/\/informacionlocal.es\/wp-content\/uploads\/2025\/11\/nueva-guia-visual-cabildo-ftv-post-de-instagram-45-9.jpg","_links":{"self":[{"href":"https:\/\/informacionlocal.es\/en\/wp-json\/wp\/v2\/posts\/14007","targetHints":{"allow":["GET"]}}],"collection":[{"href":"https:\/\/informacionlocal.es\/en\/wp-json\/wp\/v2\/posts"}],"about":[{"href":"https:\/\/informacionlocal.es\/en\/wp-json\/wp\/v2\/types\/post"}],"author":[{"embeddable":true,"href":"https:\/\/informacionlocal.es\/en\/wp-json\/wp\/v2\/users\/1"}],"replies":[{"embeddable":true,"href":"https:\/\/informacionlocal.es\/en\/wp-json\/wp\/v2\/comments?post=14007"}],"version-history":[{"count":0,"href":"https:\/\/informacionlocal.es\/en\/wp-json\/wp\/v2\/posts\/14007\/revisions"}],"wp:featuredmedia":[{"embeddable":true,"href":"https:\/\/informacionlocal.es\/en\/wp-json\/wp\/v2\/media\/14009"}],"wp:attachment":[{"href":"https:\/\/informacionlocal.es\/en\/wp-json\/wp\/v2\/media?parent=14007"}],"wp:term":[{"taxonomy":"category","embeddable":true,"href":"https:\/\/informacionlocal.es\/en\/wp-json\/wp\/v2\/categories?post=14007"},{"taxonomy":"post_tag","embeddable":true,"href":"https:\/\/informacionlocal.es\/en\/wp-json\/wp\/v2\/tags?post=14007"}],"curies":[{"name":"wp","href":"https:\/\/api.w.org\/{rel}","templated":true}]}}