{"id":13989,"date":"2025-11-14T13:59:01","date_gmt":"2025-11-14T13:59:01","guid":{"rendered":"https:\/\/informacionlocal.es\/susurros-latinoamericanos-y-tributo-a-la-nueva-trova-este-sabado-en-el-v-encuentro-y-venta-de-artesania\/"},"modified":"2025-11-14T13:59:01","modified_gmt":"2025-11-14T13:59:01","slug":"susurros-latinoamericanos-y-tributo-a-la-nueva-trova-este-sabado-en-el-v-encuentro-y-venta-de-artesania","status":"publish","type":"post","link":"https:\/\/informacionlocal.es\/en\/susurros-latinoamericanos-y-tributo-a-la-nueva-trova-este-sabado-en-el-v-encuentro-y-venta-de-artesania\/","title":{"rendered":"Susurros latinoamericanos y Tributo a La Nueva Trova este s\u00e1bado en el V Encuentro y Venta de Artesan\u00eda"},"content":{"rendered":"<div class=\"elementor-widget-container\">\n<p><strong>Susurros latinoamericanos y Tributo a La Nueva Trova este s\u00e1bado en el V Encuentro y Venta de Artesan\u00eda<\/strong><\/p>\n<p><strong>\u2022 V Encuentro y Venta de Artesan\u00eda en la plaza de Antigua este s\u00e1bado 15 de 10:00 a 20:00 horas y el domingo 16 de 10:00 a 19:00 horas. <\/strong><br \/><strong>\u2022 Los asistentes de todas las edades podr\u00e1n disfrutar gratuitamente de los seis Talleres de Artesan\u00eda que imparten los propios artesanos de la Asociaci\u00f3n de Artesanos Creativos de Fuerteventura, este fin de semana en la plaza de Antigua, <\/strong><br \/><strong>\u2022 La m\u00fasica en directo ser\u00e1 constante en el V Encuentro y Venta de Artesan\u00eda, protagonizando el escenario este s\u00e1bado los grupos Sones y Utop\u00edas de Gran Canaria y su Tributo a la Nueva Trova, la Banda del Cuco de Fuerteventura y la parranda de Vitolo y su espect\u00e1culo Susurros latinoamericanos.<\/strong><\/p>\n<p>Comienza el V Encuentro y Venta de Artesan\u00eda este s\u00e1bado 15 de noviembre con el corte de cinta inaugural a las 10:00 horas para dar comienzo a una jornada en la que disfrutar y poder comprar el regalo artesanal perfecto entre los presentados por una treintena de artesanos y artesanas de Fuerteventura.<\/p>\n<p>Una cita que respalda la artesan\u00eda en la isla y a los propios artesanos y artesanas que en su d\u00eda demandaron organizar este Encuentro como respaldo al sector, se\u00f1ala el alcalde, Mat\u00edas Pe\u00f1a, y que organiza el Ayuntamiento de Antigua con la Fundaci\u00f3n Colectivo Mafasca, vistiendo la plaza de tradici\u00f3n, historia, vanguardia, y como no actuaciones musicales para disfrutar de una jornada completa.<\/p>\n<p>Este s\u00e1bado, se\u00f1ala el concejal de Cultura, Jonathan Pe\u00f1a, disfrutaremos a las 11:30 horas del grupo de Gran canaria, Sones y Utop\u00edas y su Tributo a la Nueva Trova, seguidos de la Banda del Cuco de Fuerteventura y por la tarde a las 17:30 horas, la parranda de Vitolo y su espect\u00e1culo Susurros latinoamericanos.<\/p>\n<p>Los talleres de Artesan\u00eda abiertos a la participaci\u00f3n de quien tenga inter\u00e9s, al margen de su edad, este s\u00e1bado ser\u00e1n especializados desde las 10:00 horas y hasta 13:00 horas de Mosaicos, seguido de un Tallere de Marroquiner\u00eda hasta las 16:00 horas, detalla el concejal.<\/p>\n<p>\u00a0<\/p>\n<\/div>\n","protected":false},"excerpt":{"rendered":"<p><strong>Susurros latinoamericanos y Tributo a La Nueva Trova este s\u00e1bado en el V Encuentro y Venta de Artesan\u00eda<\/strong><\/p>\n","protected":false},"author":1,"featured_media":13991,"comment_status":"open","ping_status":"open","sticky":false,"template":"","format":"standard","meta":{"inline_featured_image":false,"jnews-multi-image_gallery":[],"jnews_single_post":[],"jnews_primary_category":[],"jnews_social_meta":[],"jnews_override_counter":[],"jnews_post_split":[],"footnotes":""},"categories":[59],"tags":[82],"class_list":["post-13989","post","type-post","status-publish","format-standard","has-post-thumbnail","hentry","category-antigua","tag-fuerteventura"],"jetpack_featured_media_url":"https:\/\/informacionlocal.es\/wp-content\/uploads\/2025\/11\/cartelartesane2949cc2a1aprogramacion2025-ime2949cigenes-0-scaled-2.jpg","_links":{"self":[{"href":"https:\/\/informacionlocal.es\/en\/wp-json\/wp\/v2\/posts\/13989","targetHints":{"allow":["GET"]}}],"collection":[{"href":"https:\/\/informacionlocal.es\/en\/wp-json\/wp\/v2\/posts"}],"about":[{"href":"https:\/\/informacionlocal.es\/en\/wp-json\/wp\/v2\/types\/post"}],"author":[{"embeddable":true,"href":"https:\/\/informacionlocal.es\/en\/wp-json\/wp\/v2\/users\/1"}],"replies":[{"embeddable":true,"href":"https:\/\/informacionlocal.es\/en\/wp-json\/wp\/v2\/comments?post=13989"}],"version-history":[{"count":0,"href":"https:\/\/informacionlocal.es\/en\/wp-json\/wp\/v2\/posts\/13989\/revisions"}],"wp:featuredmedia":[{"embeddable":true,"href":"https:\/\/informacionlocal.es\/en\/wp-json\/wp\/v2\/media\/13991"}],"wp:attachment":[{"href":"https:\/\/informacionlocal.es\/en\/wp-json\/wp\/v2\/media?parent=13989"}],"wp:term":[{"taxonomy":"category","embeddable":true,"href":"https:\/\/informacionlocal.es\/en\/wp-json\/wp\/v2\/categories?post=13989"},{"taxonomy":"post_tag","embeddable":true,"href":"https:\/\/informacionlocal.es\/en\/wp-json\/wp\/v2\/tags?post=13989"}],"curies":[{"name":"wp","href":"https:\/\/api.w.org\/{rel}","templated":true}]}}