{"id":13903,"date":"2025-11-13T02:58:46","date_gmt":"2025-11-13T02:58:46","guid":{"rendered":"https:\/\/informacionlocal.es\/ayuntamiento-y-barcelo-fuerteventura-mar-acuerdan-el-uso-municipal-de-las-instalaciones-deportivas-del-resort\/"},"modified":"2025-11-13T02:58:46","modified_gmt":"2025-11-13T02:58:46","slug":"ayuntamiento-y-barcelo-fuerteventura-mar-acuerdan-el-uso-municipal-de-las-instalaciones-deportivas-del-resort","status":"publish","type":"post","link":"https:\/\/informacionlocal.es\/en\/ayuntamiento-y-barcelo-fuerteventura-mar-acuerdan-el-uso-municipal-de-las-instalaciones-deportivas-del-resort\/","title":{"rendered":"Ayuntamiento y Barcel\u00f3 Fuerteventura Mar acuerdan el uso municipal de las instalaciones deportivas del resort"},"content":{"rendered":"<div class=\"elementor-widget-container\">\n<p><strong>Ayuntamiento y Barcel\u00f3 Fuerteventura Mar acuerdan el uso municipal de las instalaciones deportivas del resort<\/strong><\/p>\n<p><strong>\u2022 El alcalde destaca la r\u00e1pida respuesta de la direcci\u00f3n del Hotel Barcel\u00f3 Fuerteventura Mar, a la propuesta de conveniar el uso de instalaciones Wellness&amp;Fitness del resort para escuelas y cursos municipales.<\/strong><\/p>\n<p>El alcalde, Mat\u00edas Pe\u00f1a Garc\u00eda y el concejal de Deportes, Samuel Torres Mesa han visitado las instalaciones Wellness&amp;Fitness del Barcel\u00f3 Fuerteventura Mar, guiados por el propio director general del resort, Luis Fernando Manrique de Lara que ha trasladado su disposici\u00f3n de alcanzar un acuerdo para el uso y provecho de las mismas, en favor de las actividades, talleres o cursos organizados por el Ayuntamiento de Antigua.<\/p>\n<p>No es necesario explicar el impulso que esto supone para la pr\u00e1ctica deportiva en el municipio, en todos los perfiles de edades desde infantil, adulto o mayores inscritos en las escuelas o clases organizadas gratuitamente por el Ayuntamiento de Antigua o por el propio resort con precios reducidos, afirma el concejal Samuel Torres, agradeciendo el gesto de una cadena hotelera principal en el municipio y pionera en la isla ante una propuesta de colaboraci\u00f3n como esta.<\/p>\n<p>Desde hace meses venimos reuni\u00e9ndonos con la direcci\u00f3n del hotel Barcel\u00f3 Fuerteventura por diferentes motivos, desde la coordinaci\u00f3n de actuaciones de embellecimiento en accesos, viales y paseos, como en la colaboraci\u00f3n de varios eventos organizados en Caleta de Fuste o en el Municipio, siempre mostrando una implicaci\u00f3n comprometida con el buen desarrollo de cada propuesta, bien proporcionando log\u00edstica o promocionando la actividad, explica el alcalde, Mat\u00edas Pe\u00f1a.<\/p>\n<p>Tras esta reuni\u00f3n y la visita a las instalaciones, concluye el alcalde, decidimos concretar esta colaboraci\u00f3n en la pr\u00f3xima firma de un Convenio Barcel\u00f3 y Ayuntamiento que permita a partir del 2026 el uso de estas instalaciones deportivas en sus diferentes departamentos, desde el Gimnasio, zona exterior fitness, aguagym, zonas de relajaci\u00f3n o pistas de p\u00e1del, entre otras.<\/p>\n<p>\u00a0<\/p>\n<\/div>\n","protected":false},"excerpt":{"rendered":"<p><strong>Ayuntamiento y Barcel\u00f3 Fuerteventura Mar acuerdan el uso municipal de las instalaciones deportivas del resort<\/strong><\/p>\n","protected":false},"author":1,"featured_media":13905,"comment_status":"open","ping_status":"open","sticky":false,"template":"","format":"standard","meta":{"inline_featured_image":false,"jnews-multi-image_gallery":[],"jnews_single_post":[],"jnews_primary_category":[],"jnews_social_meta":[],"jnews_override_counter":[],"jnews_post_split":[],"footnotes":""},"categories":[59],"tags":[310,69,82],"class_list":["post-13903","post","type-post","status-publish","format-standard","has-post-thumbnail","hentry","category-antigua","tag-deportes","tag-eventos","tag-fuerteventura"],"jetpack_featured_media_url":"https:\/\/informacionlocal.es\/wp-content\/uploads\/2025\/11\/20251029_1110570-scaled-1.jpg","_links":{"self":[{"href":"https:\/\/informacionlocal.es\/en\/wp-json\/wp\/v2\/posts\/13903","targetHints":{"allow":["GET"]}}],"collection":[{"href":"https:\/\/informacionlocal.es\/en\/wp-json\/wp\/v2\/posts"}],"about":[{"href":"https:\/\/informacionlocal.es\/en\/wp-json\/wp\/v2\/types\/post"}],"author":[{"embeddable":true,"href":"https:\/\/informacionlocal.es\/en\/wp-json\/wp\/v2\/users\/1"}],"replies":[{"embeddable":true,"href":"https:\/\/informacionlocal.es\/en\/wp-json\/wp\/v2\/comments?post=13903"}],"version-history":[{"count":0,"href":"https:\/\/informacionlocal.es\/en\/wp-json\/wp\/v2\/posts\/13903\/revisions"}],"wp:featuredmedia":[{"embeddable":true,"href":"https:\/\/informacionlocal.es\/en\/wp-json\/wp\/v2\/media\/13905"}],"wp:attachment":[{"href":"https:\/\/informacionlocal.es\/en\/wp-json\/wp\/v2\/media?parent=13903"}],"wp:term":[{"taxonomy":"category","embeddable":true,"href":"https:\/\/informacionlocal.es\/en\/wp-json\/wp\/v2\/categories?post=13903"},{"taxonomy":"post_tag","embeddable":true,"href":"https:\/\/informacionlocal.es\/en\/wp-json\/wp\/v2\/tags?post=13903"}],"curies":[{"name":"wp","href":"https:\/\/api.w.org\/{rel}","templated":true}]}}