{"id":13825,"date":"2025-11-11T20:58:52","date_gmt":"2025-11-11T20:58:52","guid":{"rendered":"https:\/\/informacionlocal.es\/el-xxvi-cross-de-pajara-corona-a-los-nuevos-campeones-de-canarias-de-campo-a-traves-por-clubes-de-atletismo\/"},"modified":"2025-11-11T20:58:52","modified_gmt":"2025-11-11T20:58:52","slug":"el-xxvi-cross-de-pajara-corona-a-los-nuevos-campeones-de-canarias-de-campo-a-traves-por-clubes-de-atletismo","status":"publish","type":"post","link":"https:\/\/informacionlocal.es\/en\/el-xxvi-cross-de-pajara-corona-a-los-nuevos-campeones-de-canarias-de-campo-a-traves-por-clubes-de-atletismo\/","title":{"rendered":"El XXVI Cross de P\u00e1jara corona a los nuevos campeones de Canarias de campo a trav\u00e9s por clubes de atletismo"},"content":{"rendered":"<div class=\"entry-content\">\n<p><b><i>El evento reuni\u00f3 a m\u00e1s de 430 atletas de todo el archipi\u00e9lago\u00a0<\/i><\/b><\/p>\n<p><span>El Ayuntamiento de P\u00e1jara, en coordinaci\u00f3n con Alisios Gesti\u00f3n Sociodeportiva, volvi\u00f3 a situar al municipio en el epicentro del atletismo canario con la celebraci\u00f3n del XXVI Cross de P\u00e1jara, que reuni\u00f3n este s\u00e1bado a m\u00e1s de 430 atletas de todas las islas en una jornada marcada por la alta participaci\u00f3n, la competitividad y un gran ambiente deportivo.\u00a0<\/span><\/p>\n<p><span>En esta edici\u00f3n, el Cross, que cont\u00f3 con la colaboraci\u00f3n de la Federaci\u00f3n Canaria de Atletismo, la Federaci\u00f3n Insular y el Cabildo de Fuerteventura, alberg\u00f3 adem\u00e1s el Campeonato de Canarias de Campo a Trav\u00e9s por Clubes, consolid\u00e1ndose como una de las pruebas m\u00e1s relevantes del calendario atl\u00e9tico regional.\u00a0<\/span><\/p>\n<p><span>El concejal de Deportes, Jos\u00e9 Benito Alonso, destac\u00f3 que \u201cel Cross de P\u00e1jara se ha posicionado como una cita de referencia en Canarias, que une deporte y naturaleza, y que impulsa a nuestros clubes locales hac\u00eda lo m\u00e1s alto\u201d. Asimismo, el edil quiso felicitar a los clubes CD Jable del Sur Itagu, el EAMJ Playas de Jand\u00eda y Maxoathlon Fuerteventura por sus excelentes resultados en varias de las categor\u00edas, confirmando el trabajo de base que se viene desarrollando desde las escuelas.\u00a0<\/span><\/p>\n<p><span>Los ganadores y ganadoras recibieron premios en met\u00e1lico y un queso majorero, s\u00edmbolo de la identidad local y del compromiso del municipio con la promoci\u00f3n de los productos de la isla. En la categor\u00eda absoluta masculina, los primeros puestos correspondieron a Tinguaro Quintero del Rosario (Tenerife CajaCanarias), Alberto Garc\u00eda Luis (Clator Orotava) y Miguel S\u00e1ceda Garc\u00eda (CD Jable del Sur Itagu). En la categor\u00eda absoluta femenina, el podium estuvo encabezado por Alicia de la Granja Culquicondor (CAI Gran Canaria), Mar\u00eda Yaiza Blasco Valero (CD Jable del Sur Itagu) y Janny Schulz (Trivalle G\u00fc\u00edmar).\u00a0<\/span><\/p>\n<p><span>Con la participaci\u00f3n de atletas de todas las islas y el respaldo institucional y social, el XXVI Cross de P\u00e1jara se consolida como una de las pruebas m\u00e1s emblem\u00e1ticas del calendario regional de atletismo, reflejando el compromiso del Consistorio con la promoci\u00f3n del deporte en el municipio. <\/span><\/p>\n<\/div>\n","protected":false},"excerpt":{"rendered":"<p><i>El evento reuni\u00f3 a m\u00e1s de 430 atletas de todo el archipi\u00e9lago\u00a0<\/i><\/p>\n","protected":false},"author":1,"featured_media":13827,"comment_status":"open","ping_status":"open","sticky":false,"template":"","format":"standard","meta":{"inline_featured_image":false,"jnews-multi-image_gallery":[],"jnews_single_post":[],"jnews_primary_category":[],"jnews_social_meta":[],"jnews_override_counter":[],"jnews_post_split":[],"footnotes":""},"categories":[63],"tags":[82],"class_list":["post-13825","post","type-post","status-publish","format-standard","has-post-thumbnail","hentry","category-pajara","tag-fuerteventura"],"jetpack_featured_media_url":"https:\/\/informacionlocal.es\/wp-content\/uploads\/2025\/11\/cross.jpeg","_links":{"self":[{"href":"https:\/\/informacionlocal.es\/en\/wp-json\/wp\/v2\/posts\/13825","targetHints":{"allow":["GET"]}}],"collection":[{"href":"https:\/\/informacionlocal.es\/en\/wp-json\/wp\/v2\/posts"}],"about":[{"href":"https:\/\/informacionlocal.es\/en\/wp-json\/wp\/v2\/types\/post"}],"author":[{"embeddable":true,"href":"https:\/\/informacionlocal.es\/en\/wp-json\/wp\/v2\/users\/1"}],"replies":[{"embeddable":true,"href":"https:\/\/informacionlocal.es\/en\/wp-json\/wp\/v2\/comments?post=13825"}],"version-history":[{"count":0,"href":"https:\/\/informacionlocal.es\/en\/wp-json\/wp\/v2\/posts\/13825\/revisions"}],"wp:featuredmedia":[{"embeddable":true,"href":"https:\/\/informacionlocal.es\/en\/wp-json\/wp\/v2\/media\/13827"}],"wp:attachment":[{"href":"https:\/\/informacionlocal.es\/en\/wp-json\/wp\/v2\/media?parent=13825"}],"wp:term":[{"taxonomy":"category","embeddable":true,"href":"https:\/\/informacionlocal.es\/en\/wp-json\/wp\/v2\/categories?post=13825"},{"taxonomy":"post_tag","embeddable":true,"href":"https:\/\/informacionlocal.es\/en\/wp-json\/wp\/v2\/tags?post=13825"}],"curies":[{"name":"wp","href":"https:\/\/api.w.org\/{rel}","templated":true}]}}