{"id":13703,"date":"2025-11-07T19:58:48","date_gmt":"2025-11-07T19:58:48","guid":{"rendered":"https:\/\/informacionlocal.es\/los-equipos-clasificados-de-las-neuromajo-se-preparan-para-competir-a-nivel-regional-el-proximo-mes-de-diciembre\/"},"modified":"2025-11-07T19:58:48","modified_gmt":"2025-11-07T19:58:48","slug":"los-equipos-clasificados-de-las-neuromajo-se-preparan-para-competir-a-nivel-regional-el-proximo-mes-de-diciembre","status":"publish","type":"post","link":"https:\/\/informacionlocal.es\/en\/los-equipos-clasificados-de-las-neuromajo-se-preparan-para-competir-a-nivel-regional-el-proximo-mes-de-diciembre\/","title":{"rendered":"\ufeffLos equipos clasificados de las Neuromajo se preparan para competir a nivel regional el pr\u00f3ximo mes de diciembre"},"content":{"rendered":"<div class=\"entry-content\"><strong>6 noviembre, 2025<\/strong><\/p>\n<p>Los equipos majoreros clasificados en las<br \/>\nNeuromajo 2025 se preparan para competir en la final regional, que tendr\u00e1 lugar<br \/>\nel pr\u00f3ximo mes de diciembre en Gran Canaria.<\/p>\n<p>En el d\u00eda de hoy, los equipos Amigos de<br \/>\nP\u00e1jara, Las Apa\u00f1\u00e1s (Puerto del Rosario) y las Elegidas (Antigua) participaron<br \/>\nen un encuentro amistoso, celebrado en el Pabell\u00f3n Municipal Oasis en Puerto<br \/>\ndel Rosario. <\/p>\n<p>Neuromajo 2025 es un proyecto de la Consejer\u00eda<br \/>\nde Acci\u00f3n Social del Cabildo de Fuerteventura, en colaboraci\u00f3n con los seis<br \/>\nayuntamientos de la Isla y Asociaci\u00f3n Neurol\u00edmpica, que se ha consolidado como<br \/>\nuna iniciativa para el envejecimiento activo y saludable de los y las<br \/>\nparticipantes. <\/p>\n<p>El consejero de Acci\u00f3n Social, V\u00edctor Alonso,<br \/>\nagradece la participaci\u00f3n de todos los equipos majoreros, as\u00ed como a todas las<br \/>\nentidades implicadas y monitores que han hecho posible esta iniciativa,<br \/>\nprepar\u00e1ndose ya una tercera edici\u00f3n.<\/p>\n<p>En el encuentro amistoso estuvieron, adem\u00e1s,<br \/>\nla vicepresidenta segunda del Cabildo, Nuria Cabrera, el alcalde de Puerto del<br \/>\nRosario, David de Vera, y la concejala Jenifer P\u00e9rez.<\/p>\n<p>Cerca de 300 personas mayores procedentes de<br \/>\ntoda la Isla participaron en el Campeonato Insular Neuromajo 2025,<br \/>\nclasific\u00e1ndose los equipos Amigos de P\u00e1jara, Las Apa\u00f1\u00e1s (Puerto del Rosario),<br \/>\nCamellito (Tuineje) y Las Elegidas (Antigua), que competir\u00e1n a nivel regional<br \/>\nel pr\u00f3ximo mes de diciembre en el municipio de San Bartolom\u00e9 de Tirajana (Gran<br \/>\nCanaria) En esta edici\u00f3n, se ha contado adem\u00e1s con el apoyo de Padilla<br \/>\nSupermercados Spar.<\/p>\n<\/div>\n","protected":false},"excerpt":{"rendered":"<p>6 noviembre, 2025 Los equipos majoreros clasificados en las Neuromajo 2025 se preparan para competir en la final regional, que tendr\u00e1 lugar el pr\u00f3ximo mes de diciembre en Gran Canaria. [&hellip;]<\/p>\n","protected":false},"author":1,"featured_media":13705,"comment_status":"open","ping_status":"open","sticky":false,"template":"","format":"standard","meta":{"inline_featured_image":false,"jnews-multi-image_gallery":[],"jnews_single_post":[],"jnews_primary_category":[],"jnews_social_meta":[],"jnews_override_counter":[],"jnews_post_split":[],"footnotes":""},"categories":[58],"tags":[82],"class_list":["post-13703","post","type-post","status-publish","format-standard","has-post-thumbnail","hentry","category-cabildo","tag-fuerteventura"],"jetpack_featured_media_url":"https:\/\/informacionlocal.es\/wp-content\/uploads\/2025\/11\/erer.jpeg","_links":{"self":[{"href":"https:\/\/informacionlocal.es\/en\/wp-json\/wp\/v2\/posts\/13703","targetHints":{"allow":["GET"]}}],"collection":[{"href":"https:\/\/informacionlocal.es\/en\/wp-json\/wp\/v2\/posts"}],"about":[{"href":"https:\/\/informacionlocal.es\/en\/wp-json\/wp\/v2\/types\/post"}],"author":[{"embeddable":true,"href":"https:\/\/informacionlocal.es\/en\/wp-json\/wp\/v2\/users\/1"}],"replies":[{"embeddable":true,"href":"https:\/\/informacionlocal.es\/en\/wp-json\/wp\/v2\/comments?post=13703"}],"version-history":[{"count":0,"href":"https:\/\/informacionlocal.es\/en\/wp-json\/wp\/v2\/posts\/13703\/revisions"}],"wp:featuredmedia":[{"embeddable":true,"href":"https:\/\/informacionlocal.es\/en\/wp-json\/wp\/v2\/media\/13705"}],"wp:attachment":[{"href":"https:\/\/informacionlocal.es\/en\/wp-json\/wp\/v2\/media?parent=13703"}],"wp:term":[{"taxonomy":"category","embeddable":true,"href":"https:\/\/informacionlocal.es\/en\/wp-json\/wp\/v2\/categories?post=13703"},{"taxonomy":"post_tag","embeddable":true,"href":"https:\/\/informacionlocal.es\/en\/wp-json\/wp\/v2\/tags?post=13703"}],"curies":[{"name":"wp","href":"https:\/\/api.w.org\/{rel}","templated":true}]}}