{"id":13679,"date":"2025-11-07T17:58:34","date_gmt":"2025-11-07T17:58:34","guid":{"rendered":"https:\/\/informacionlocal.es\/once-nuevos-agentes-se-incorporan-a-la-policia-local-de-pajara\/"},"modified":"2025-11-07T17:58:34","modified_gmt":"2025-11-07T17:58:34","slug":"once-nuevos-agentes-se-incorporan-a-la-policia-local-de-pajara","status":"publish","type":"post","link":"https:\/\/informacionlocal.es\/en\/once-nuevos-agentes-se-incorporan-a-la-policia-local-de-pajara\/","title":{"rendered":"Once nuevos agentes se incorporan a la Polic\u00eda Local de P\u00e1jara\u00a0"},"content":{"rendered":"<div class=\"entry-content\">\n<p><b><i>El Ayuntamiento refuerza su compromiso con la seguridad ciudadana y celebra la toma de posesi\u00f3n de cuatro funcionarios y siete en pr\u00e1cticas\u00a0<\/i><\/b><\/p>\n<p><span>El Ayuntamiento de P\u00e1jara celebr\u00f3 el acto de toma de posesi\u00f3n de los nuevos agentes de la Polic\u00eda Local, un evento que marca un paso importante en el refuerzo de la seguridad y el servicio p\u00fablico del municipio.\u00a0<\/span><\/p>\n<p><span>En total, once nuevos polic\u00edas locales se incorporan al cuerpo municipal. De ellos, cuatro agentes tomaron posesi\u00f3n como funcionarios de carrera, tras superar el correspondiente proceso formativo y administrativo, mientras que siete agentes pasaron a la condici\u00f3n de funcionarios en pr\u00e1cticas, iniciando su periodo de formaci\u00f3n y adaptaci\u00f3n al servicio.\u00a0<\/span><\/p>\n<p><span>El acto tuvo lugar en el sal\u00f3n de actos de la Estaci\u00f3n de Guaguas de Morro Jable, y cont\u00f3 con la presencia de la vicepresidenta del Cabildo de Fuerteventura, Nuria Cabrera; el alcalde de P\u00e1jara, Alejandro Jorge; el primer teniente alcalde, Alexis alonso; el concejal de Seguridad y Emergencias, Raimundo Dacosta, el concejal de Personal, Jos\u00e9 Manuel D\u00edaz; junto a una extensa representaci\u00f3n del equipo de gobierno y de la corporaci\u00f3n municipal, as\u00ed como de miembros de distintos cuerpos y fuerzas de seguridad.<\/span><\/p>\n<p><span>Durante la ceremonia, las autoridades locales destacaron la importancia de continuar fortaleciendo el cuerpo de Polic\u00eda Local con personal cualificado, garantizando as\u00ed la seguridad y el bienestar de todos los vecinos y vecinas del municipio.\u00a0<\/span><\/p>\n<p><span>Con esta incorporaci\u00f3n, el Ayuntamiento reafirma su compromiso con la mejora continua de los servicios p\u00fablicos y con el fortalecimiento de la seguridad ciudadana, reconociendo la labor que desempe\u00f1a la Polic\u00eda Local en la protecci\u00f3n y atenci\u00f3n diaria de la poblaci\u00f3n.\u00a0<\/span><\/p>\n<p><img fetchpriority=\"high\" decoding=\"async\" class=\"alignnone size-medium wp-image-21197\" src=\"https:\/\/informacionlocal.es\/wp-content\/uploads\/2025\/11\/whatsapp-image-2025-11-07-at-13-02-09-300x225-1.jpeg\" width=\"300\" height=\"225\" title=\"whatsapp-image-2025-11-07-at-13-02-09-300x225-1\"><img decoding=\"async\" class=\"alignnone size-medium wp-image-21196\" src=\"https:\/\/informacionlocal.es\/wp-content\/uploads\/2025\/11\/whatsapp-image-2025-11-07-at-13-02-10-2-300x225-1.jpeg\" width=\"300\" height=\"225\" title=\"whatsapp-image-2025-11-07-at-13-02-10-2-300x225-1\"><img decoding=\"async\" class=\"alignnone size-medium wp-image-21195\" src=\"https:\/\/informacionlocal.es\/wp-content\/uploads\/2025\/11\/whatsapp-image-2025-11-07-at-13-02-11-300x225-1.jpeg\" width=\"300\" height=\"225\" title=\"whatsapp-image-2025-11-07-at-13-02-11-300x225-1\"><\/p>\n<\/div>\n","protected":false},"excerpt":{"rendered":"<p><i>El Ayuntamiento refuerza su compromiso con la seguridad ciudadana y celebra la toma de posesi\u00f3n de cuatro funcionarios y siete en pr\u00e1cticas\u00a0<\/i><\/p>\n","protected":false},"author":1,"featured_media":13681,"comment_status":"open","ping_status":"open","sticky":false,"template":"","format":"standard","meta":{"inline_featured_image":false,"jnews-multi-image_gallery":[],"jnews_single_post":[],"jnews_primary_category":[],"jnews_social_meta":[],"jnews_override_counter":[],"jnews_post_split":[],"footnotes":""},"categories":[63],"tags":[82,66],"class_list":["post-13679","post","type-post","status-publish","format-standard","has-post-thumbnail","hentry","category-pajara","tag-fuerteventura","tag-servicios-publicos"],"jetpack_featured_media_url":"https:\/\/informacionlocal.es\/wp-content\/uploads\/2025\/11\/policia-local-pajara.png","_links":{"self":[{"href":"https:\/\/informacionlocal.es\/en\/wp-json\/wp\/v2\/posts\/13679","targetHints":{"allow":["GET"]}}],"collection":[{"href":"https:\/\/informacionlocal.es\/en\/wp-json\/wp\/v2\/posts"}],"about":[{"href":"https:\/\/informacionlocal.es\/en\/wp-json\/wp\/v2\/types\/post"}],"author":[{"embeddable":true,"href":"https:\/\/informacionlocal.es\/en\/wp-json\/wp\/v2\/users\/1"}],"replies":[{"embeddable":true,"href":"https:\/\/informacionlocal.es\/en\/wp-json\/wp\/v2\/comments?post=13679"}],"version-history":[{"count":0,"href":"https:\/\/informacionlocal.es\/en\/wp-json\/wp\/v2\/posts\/13679\/revisions"}],"wp:featuredmedia":[{"embeddable":true,"href":"https:\/\/informacionlocal.es\/en\/wp-json\/wp\/v2\/media\/13681"}],"wp:attachment":[{"href":"https:\/\/informacionlocal.es\/en\/wp-json\/wp\/v2\/media?parent=13679"}],"wp:term":[{"taxonomy":"category","embeddable":true,"href":"https:\/\/informacionlocal.es\/en\/wp-json\/wp\/v2\/categories?post=13679"},{"taxonomy":"post_tag","embeddable":true,"href":"https:\/\/informacionlocal.es\/en\/wp-json\/wp\/v2\/tags?post=13679"}],"curies":[{"name":"wp","href":"https:\/\/api.w.org\/{rel}","templated":true}]}}