{"id":13633,"date":"2025-11-06T20:59:35","date_gmt":"2025-11-06T20:59:35","guid":{"rendered":"https:\/\/informacionlocal.es\/el-ayuntamiento-de-pajara-anuncia-que-el-municipio-contara-con-55-camaras-seguridad\/"},"modified":"2025-11-06T20:59:35","modified_gmt":"2025-11-06T20:59:35","slug":"el-ayuntamiento-de-pajara-anuncia-que-el-municipio-contara-con-55-camaras-seguridad","status":"publish","type":"post","link":"https:\/\/informacionlocal.es\/en\/el-ayuntamiento-de-pajara-anuncia-que-el-municipio-contara-con-55-camaras-seguridad\/","title":{"rendered":"El Ayuntamiento de P\u00e1jara anuncia que el municipio contar\u00e1 con 55 c\u00e1maras seguridad\u00a0"},"content":{"rendered":"<div class=\"entry-content\">\n<p><b><i>Localidades como La Lajita, P\u00e1jara, Costa Calma y Morro Jable tendr\u00e1n instalados estos dispositivos en diferentes puntos estrat\u00e9gicos\u00a0<\/i><\/b><\/p>\n<p><span>El Ayuntamiento de P\u00e1jara saca a licitaci\u00f3n la instalaci\u00f3n de 44 c\u00e1maras de seguridad de alta resoluci\u00f3n en distintas localizaciones del municipio y la mejora de 11 c\u00e1maras ya existentes, en el marco de su compromiso con la mejora de la seguridad ciudadana. El proyecto cuenta con una inversi\u00f3n superior a los 200.000 euros.\u00a0<\/span><\/p>\n<p><span>Este nuevo sistema de seguridad permitir\u00e1 el control en tiempo real de las diversas zonas donde estar\u00e1n instaladas, con el objetivo de garantizar la seguridad de los vecinos, vecinas y visitantes, as\u00ed como de reforzar la labor de los cuerpos de seguridad.\u00a0<\/span><\/p>\n<p><span>El concejal de Seguridad y Emergencias, Raimundo Dacosta, informa que el proyecto ya se encuentra en fase de licitaci\u00f3n y destaca la importancia de esta iniciativa. \u201cEn breve ser\u00e1 una realidad, una vez se adjudique la contrataci\u00f3n. Este sistema supondr\u00e1 una herramienta fundamental de apoyo para los agentes de seguridad del municipio\u201d, se\u00f1ala.\u00a0<\/span><\/p>\n<p><span>Por su parte, el primer teniente de alcalde, Alexis Alonso, subraya que se trata de una demanda importante de los vecinos y vecinas del municipio. \u201cLa ciudadan\u00eda nos ha trasladado su preocupaci\u00f3n por mejorar la vigilancia y la seguridad en los espacios p\u00fablicos, y hoy damos un paso importante para atender a esa petici\u00f3n\u201d.\u00a0<\/span><\/p>\n<p><span>El alcalde de P\u00e1jara, Alejandro Jorge, destaca que \u201clas c\u00e1maras de seguridad ser\u00e1n una herramienta eficaz para disuadir comportamientos inapropiados o delictivos, as\u00ed como para esclarecer posibles incidencias o actos il\u00edcitos\u201d.\u00a0<\/span><\/p>\n<p><span>El gobierno municipal continuar\u00e1 dando pasos decididos en los pr\u00f3ximos meses, como compromiso continuo por la seguridad del municipio. <\/span><\/p>\n<\/div>\n","protected":false},"excerpt":{"rendered":"<p><i>Localidades como La Lajita, P\u00e1jara, Costa Calma y Morro Jable tendr\u00e1n instalados estos dispositivos en diferentes puntos estrat\u00e9gicos\u00a0<\/i><\/p>\n","protected":false},"author":1,"featured_media":13635,"comment_status":"open","ping_status":"open","sticky":false,"template":"","format":"standard","meta":{"inline_featured_image":false,"jnews-multi-image_gallery":[],"jnews_single_post":[],"jnews_primary_category":[],"jnews_social_meta":[],"jnews_override_counter":[],"jnews_post_split":[],"footnotes":""},"categories":[63],"tags":[],"class_list":["post-13633","post","type-post","status-publish","format-standard","has-post-thumbnail","hentry","category-pajara"],"jetpack_featured_media_url":"https:\/\/informacionlocal.es\/wp-content\/uploads\/2025\/11\/policia-local-1-e1747394305144.png","_links":{"self":[{"href":"https:\/\/informacionlocal.es\/en\/wp-json\/wp\/v2\/posts\/13633","targetHints":{"allow":["GET"]}}],"collection":[{"href":"https:\/\/informacionlocal.es\/en\/wp-json\/wp\/v2\/posts"}],"about":[{"href":"https:\/\/informacionlocal.es\/en\/wp-json\/wp\/v2\/types\/post"}],"author":[{"embeddable":true,"href":"https:\/\/informacionlocal.es\/en\/wp-json\/wp\/v2\/users\/1"}],"replies":[{"embeddable":true,"href":"https:\/\/informacionlocal.es\/en\/wp-json\/wp\/v2\/comments?post=13633"}],"version-history":[{"count":0,"href":"https:\/\/informacionlocal.es\/en\/wp-json\/wp\/v2\/posts\/13633\/revisions"}],"wp:featuredmedia":[{"embeddable":true,"href":"https:\/\/informacionlocal.es\/en\/wp-json\/wp\/v2\/media\/13635"}],"wp:attachment":[{"href":"https:\/\/informacionlocal.es\/en\/wp-json\/wp\/v2\/media?parent=13633"}],"wp:term":[{"taxonomy":"category","embeddable":true,"href":"https:\/\/informacionlocal.es\/en\/wp-json\/wp\/v2\/categories?post=13633"},{"taxonomy":"post_tag","embeddable":true,"href":"https:\/\/informacionlocal.es\/en\/wp-json\/wp\/v2\/tags?post=13633"}],"curies":[{"name":"wp","href":"https:\/\/api.w.org\/{rel}","templated":true}]}}