{"id":13599,"date":"2025-11-06T17:58:45","date_gmt":"2025-11-06T17:58:45","guid":{"rendered":"https:\/\/informacionlocal.es\/la-casa-de-la-cultura-acoge-tres-exposiciones-simultaneas-que-muestran-el-talento-y-la-diversidad-artistica-de-la-isla\/"},"modified":"2025-11-06T17:58:45","modified_gmt":"2025-11-06T17:58:45","slug":"la-casa-de-la-cultura-acoge-tres-exposiciones-simultaneas-que-muestran-el-talento-y-la-diversidad-artistica-de-la-isla","status":"publish","type":"post","link":"https:\/\/informacionlocal.es\/en\/la-casa-de-la-cultura-acoge-tres-exposiciones-simultaneas-que-muestran-el-talento-y-la-diversidad-artistica-de-la-isla\/","title":{"rendered":"La Casa de la Cultura acoge tres exposiciones simult\u00e1neas que muestran el talento y la diversidad art\u00edstica de la isla"},"content":{"rendered":"<div class=\"entry-content\">\n<ul>\n<li><span><strong>Las muestras \u201cPaisajes imposibles\u201d, \u201cCielo, mar y tierra Fuerteventura\u201d y \u201cPresencias\u201d pueden visitarse durante todo el mes de noviembre en las salas de la Casa de la Cultura<\/strong><\/span><strong>\u00a0<\/strong><\/li>\n<\/ul>\n<p><span><strong>En Puerto del Rosario, a 6 de noviembre de 2025.-<\/strong> La Casa de la Cultura de Puerto del Rosario se convierte este mes de noviembre en punto de encuentro para el arte, con la inauguraci\u00f3n de tres exposiciones que reflejan la riqueza de estilos, trayectorias y sensibilidades de artistas residentes en Fuerteventura.<\/span><\/p>\n<p><img loading=\"lazy\" decoding=\"async\" loading=\"lazy\" class=\"size-large wp-image-157627 aligncenter\" src=\"https:\/\/informacionlocal.es\/wp-content\/uploads\/2025\/11\/inauguracion-expos-1-1024x473-1.jpeg\" width=\"1024\" height=\"473\" title=\"inauguracion-expos-1-1024x473-1\"><\/p>\n<p><span>Las muestras \u201cPaisajes imposibles\u201d, de Emilio Loiz, \u201cCielo, mar y tierra Fuerteventura\u201d, de Antonio Fern\u00e1ndez P\u00e9rez, y \u201cPresencias\u201d, de Carlos Guti\u00e9rrez Palacios, podr\u00e1n visitarse hasta finales de mes en las distintas salas del edificio cultural, de lunes a viernes en horario de 10:00 a 13:00 y de 17:00 a 20:00 horas.<\/span><\/p>\n<p><span>El alcalde de Puerto del Rosario, David de Vera, destac\u00f3 \u201cla enorme calidad y diversidad de propuestas que acoge la Casa de la Cultura, que sigue siendo un espacio abierto al talento y a la expresi\u00f3n art\u00edstica\u201d. A\u00f1adi\u00f3 adem\u00e1s que \u201cla programaci\u00f3n de este mes refleja el apoyo del Ayuntamiento a la cultura, la que nace en la isla y la que llega desde fuera para quedarse\u201d.<\/span><\/p>\n<p><span>Por su parte, el concejal de Cultura, Juan Manuel Verdugo, subray\u00f3 que \u201ccada exposici\u00f3n es una oportunidad para recorrer distintos mundos pict\u00f3ricos, desde el realismo m\u00e1s \u00edntimo hasta los paisajes so\u00f1ados o la fuerza expresiva del cuerpo humano\u201d.<\/span><\/p>\n<p><span><strong>Tres miradas, tres universos<\/strong><\/span><\/p>\n<p><span>Emilio Loiz, natural de C\u00e1diz y residente en Fuerteventura desde el a\u00f1o 2000, presenta <em>\u201cPaisajes imposibles\u201d<\/em>, una colecci\u00f3n de obras coloristas y on\u00edricas en las que predominan los tonos planos y la inspiraci\u00f3n na\u00eff. \u201cMis cuadros no son para reflexionar, sino para alimentar el esp\u00edritu, explica Loiz, son paisajes alegres y desenfadados que buscan transmitir luz, optimismo y ganas de vivir\u201d.<\/span><br \/><span>Tras a\u00f1os apartado de la pintura, el artista recuper\u00f3 los pinceles en 2021, durante su proceso de superaci\u00f3n de un c\u00e1ncer, etapa que marc\u00f3 el renacer de su producci\u00f3n art\u00edstica.<\/span><\/p>\n<p><img loading=\"lazy\" decoding=\"async\" loading=\"lazy\" class=\"size-large wp-image-157628 aligncenter\" src=\"https:\/\/informacionlocal.es\/wp-content\/uploads\/2025\/11\/exposicion-emilio-loiz-724x1024-1.jpeg\" width=\"724\" height=\"1024\" title=\"exposicion-emilio-loiz-724x1024-1\"><\/p>\n<p><span>En <em>\u201cCielo, mar y tierra Fuerteventura\u201d<\/em>, el jerezano Antonio Fern\u00e1ndez P\u00e9rez plasma su amor por la isla que lo acogi\u00f3 hace una d\u00e9cada. Autodidacta, su obra se caracteriza por la frescura y espontaneidad del trazo, la calidez de la paleta y la serenidad de los paisajes majoreros. \u201cFuerteventura me inspira por su luz y su color. Esta exposici\u00f3n es un homenaje a todo lo que la isla me ha regalado\u201d, apunta el artista.<\/span><\/p>\n<p><img loading=\"lazy\" decoding=\"async\" loading=\"lazy\" class=\"size-large wp-image-157629 aligncenter\" src=\"https:\/\/informacionlocal.es\/wp-content\/uploads\/2025\/11\/exposicion-cielo-mar-y-tierra-724x1024-1.jpeg\" width=\"724\" height=\"1024\" title=\"exposicion-cielo-mar-y-tierra-724x1024-1\"><\/p>\n<p><span>Finalmente, Carlos Guti\u00e9rrez Palacios, ingeniero de profesi\u00f3n y gallego de nacimiento, sorprende con <em>\u201cPresencias\u201d<\/em>, una colecci\u00f3n que combina l\u00e1piz, pastel, acr\u00edlico y acuarela para explorar el realismo y la expresividad del detalle. \u201cMe interesa lo que una figura o una mirada pueden contar con apenas unos trazos. En mis cuadros conviven el cuerpo humano y los animales, sobre todo perros, desde un enfoque \u00edntimo y emocional\u201d, explica.<\/span><\/p>\n<p><img loading=\"lazy\" decoding=\"async\" loading=\"lazy\" class=\"aligncenter wp-image-157630 size-large\" src=\"https:\/\/informacionlocal.es\/wp-content\/uploads\/2025\/11\/presencias-e1762422645530-722x1024-1.png\" width=\"722\" height=\"1024\" title=\"presencias-e1762422645530-722x1024-1\"><\/p>\n<p><span>Las tres exposiciones pueden visitarse de forma gratuita en la Casa de la Cultura de Puerto del Rosario, situada en la calle Ramiro de Maeztu.<\/span><\/p>\n<p>\u00a0<\/p>\n<\/div>\n","protected":false},"excerpt":{"rendered":"<p>Las muestras \u201cPaisajes imposibles\u201d, \u201cCielo, mar y tierra Fuerteventura\u201d y \u201cPresencias\u201d pueden visitarse durante todo el mes de noviembre en las salas de la Casa de la Cultura\u00a0 En Puerto [&hellip;]<\/p>\n","protected":false},"author":1,"featured_media":13601,"comment_status":"open","ping_status":"open","sticky":false,"template":"","format":"standard","meta":{"inline_featured_image":false,"jnews-multi-image_gallery":[],"jnews_single_post":[],"jnews_primary_category":[],"jnews_social_meta":[],"jnews_override_counter":[],"jnews_post_split":[],"footnotes":""},"categories":[61],"tags":[82],"class_list":["post-13599","post","type-post","status-publish","format-standard","has-post-thumbnail","hentry","category-puerto-del-rosario","tag-fuerteventura"],"jetpack_featured_media_url":"https:\/\/informacionlocal.es\/wp-content\/uploads\/2025\/11\/exposiciones.png","_links":{"self":[{"href":"https:\/\/informacionlocal.es\/en\/wp-json\/wp\/v2\/posts\/13599","targetHints":{"allow":["GET"]}}],"collection":[{"href":"https:\/\/informacionlocal.es\/en\/wp-json\/wp\/v2\/posts"}],"about":[{"href":"https:\/\/informacionlocal.es\/en\/wp-json\/wp\/v2\/types\/post"}],"author":[{"embeddable":true,"href":"https:\/\/informacionlocal.es\/en\/wp-json\/wp\/v2\/users\/1"}],"replies":[{"embeddable":true,"href":"https:\/\/informacionlocal.es\/en\/wp-json\/wp\/v2\/comments?post=13599"}],"version-history":[{"count":0,"href":"https:\/\/informacionlocal.es\/en\/wp-json\/wp\/v2\/posts\/13599\/revisions"}],"wp:featuredmedia":[{"embeddable":true,"href":"https:\/\/informacionlocal.es\/en\/wp-json\/wp\/v2\/media\/13601"}],"wp:attachment":[{"href":"https:\/\/informacionlocal.es\/en\/wp-json\/wp\/v2\/media?parent=13599"}],"wp:term":[{"taxonomy":"category","embeddable":true,"href":"https:\/\/informacionlocal.es\/en\/wp-json\/wp\/v2\/categories?post=13599"},{"taxonomy":"post_tag","embeddable":true,"href":"https:\/\/informacionlocal.es\/en\/wp-json\/wp\/v2\/tags?post=13599"}],"curies":[{"name":"wp","href":"https:\/\/api.w.org\/{rel}","templated":true}]}}