{"id":13587,"date":"2025-11-06T15:59:40","date_gmt":"2025-11-06T15:59:40","guid":{"rendered":"https:\/\/informacionlocal.es\/la-escuela-insular-de-musica-celebra-santa-cecilia-con-una-semana-de-conciertos\/"},"modified":"2025-11-06T15:59:40","modified_gmt":"2025-11-06T15:59:40","slug":"la-escuela-insular-de-musica-celebra-santa-cecilia-con-una-semana-de-conciertos","status":"publish","type":"post","link":"https:\/\/informacionlocal.es\/en\/la-escuela-insular-de-musica-celebra-santa-cecilia-con-una-semana-de-conciertos\/","title":{"rendered":"La Escuela Insular de M\u00fasica celebra Santa Cecilia con una semana de conciertos"},"content":{"rendered":"<div class=\"entry-content\"><strong>6 noviembre, 2025<\/strong><\/p>\n<p><strong>La Escuela Insular de M\u00fasica celebra Santa Cecilia con una semana de conciertos<\/strong><\/p>\n<p>La Escuela Insular de M\u00fasica de Fuerteventura (EIMF), dependiente de la Consejer\u00eda de Educaci\u00f3n y Juventud del Cabildo de Fuerteventura, celebra la festividad de Santa Cecilia, patrona de los m\u00fasicos, con una programaci\u00f3n especial de conciertos y audiciones que se desarrollar\u00e1n del 17 al 20 de noviembre en diferentes municipios de la Isla.<\/p>\n<p>La programaci\u00f3n comenzar\u00e1 el lunes 17 con una audici\u00f3n tem\u00e1tica \u2018Ritmos de Brasil\u2019, a las 19:00 horas en el Sal\u00f3n de Actos de la EIMF en Puerto del Rosario, una propuesta que fusiona la ense\u00f1anza musical con los sonidos y la alegr\u00eda de la m\u00fasica brasile\u00f1a.<\/p>\n<p>El martes 18 tendr\u00e1 lugar el Concierto Santa Cecilia a las 19.00 horas en Ra\u00edz del Pueblo (La Oliva)<\/p>\n<p>El mi\u00e9rcoles 19 se celebrar\u00e1n 2 conciertos, el Concierto Santa Cecilia en el Auditorio de Puerto del Rosario, a las 19.00 horas, con entrada gratuita disponible a trav\u00e9s de la web\u00a0www.ecoentradas.com.<\/p>\n<p>Y adem\u00e1s el alumnado de piano ofrecer\u00e1 una audici\u00f3n en la sede de Gran Tarajal a las 18.30 horas. Finalmente, esta semana de conciertos culminar\u00e1 el jueves 20 con otra audici\u00f3n de piano a las 19.00 horas en el Aula 1 de la EIMF en Puerto del Rosario.<\/p>\n<p>Seg\u00fan el consejero de Educaci\u00f3n, Adargoma Hern\u00e1ndez, las actividades forman parte del compromiso de la Escuela Insular de M\u00fasica por acercar la educaci\u00f3n musical y el talento del alumnado a toda la ciudadan\u00eda majorera, celebrando as\u00ed una de las fechas m\u00e1s importantes del calendario musical.<\/p>\n<\/div>\n","protected":false},"excerpt":{"rendered":"<p>6 noviembre, 2025 La Escuela Insular de M\u00fasica celebra Santa Cecilia con una semana de conciertos La Escuela Insular de M\u00fasica de Fuerteventura (EIMF), dependiente de la Consejer\u00eda de Educaci\u00f3n [&hellip;]<\/p>\n","protected":false},"author":1,"featured_media":13589,"comment_status":"open","ping_status":"open","sticky":false,"template":"","format":"standard","meta":{"inline_featured_image":false,"jnews-multi-image_gallery":[],"jnews_single_post":[],"jnews_primary_category":[],"jnews_social_meta":[],"jnews_override_counter":[],"jnews_post_split":[],"footnotes":""},"categories":[58],"tags":[73,82,65],"class_list":["post-13587","post","type-post","status-publish","format-standard","has-post-thumbnail","hentry","category-cabildo","tag-educacion","tag-fuerteventura","tag-municipios"],"jetpack_featured_media_url":"https:\/\/informacionlocal.es\/wp-content\/uploads\/2025\/11\/ere.jpeg","_links":{"self":[{"href":"https:\/\/informacionlocal.es\/en\/wp-json\/wp\/v2\/posts\/13587","targetHints":{"allow":["GET"]}}],"collection":[{"href":"https:\/\/informacionlocal.es\/en\/wp-json\/wp\/v2\/posts"}],"about":[{"href":"https:\/\/informacionlocal.es\/en\/wp-json\/wp\/v2\/types\/post"}],"author":[{"embeddable":true,"href":"https:\/\/informacionlocal.es\/en\/wp-json\/wp\/v2\/users\/1"}],"replies":[{"embeddable":true,"href":"https:\/\/informacionlocal.es\/en\/wp-json\/wp\/v2\/comments?post=13587"}],"version-history":[{"count":0,"href":"https:\/\/informacionlocal.es\/en\/wp-json\/wp\/v2\/posts\/13587\/revisions"}],"wp:featuredmedia":[{"embeddable":true,"href":"https:\/\/informacionlocal.es\/en\/wp-json\/wp\/v2\/media\/13589"}],"wp:attachment":[{"href":"https:\/\/informacionlocal.es\/en\/wp-json\/wp\/v2\/media?parent=13587"}],"wp:term":[{"taxonomy":"category","embeddable":true,"href":"https:\/\/informacionlocal.es\/en\/wp-json\/wp\/v2\/categories?post=13587"},{"taxonomy":"post_tag","embeddable":true,"href":"https:\/\/informacionlocal.es\/en\/wp-json\/wp\/v2\/tags?post=13587"}],"curies":[{"name":"wp","href":"https:\/\/api.w.org\/{rel}","templated":true}]}}