{"id":13563,"date":"2025-11-06T09:02:50","date_gmt":"2025-11-06T09:02:50","guid":{"rendered":"https:\/\/informacionlocal.es\/el-cabildo-concede-casi-640-000-euros-en-ayudas-para-la-puesta-en-marcha-de-iniciativas-empresariales\/"},"modified":"2025-11-06T09:02:50","modified_gmt":"2025-11-06T09:02:50","slug":"el-cabildo-concede-casi-640-000-euros-en-ayudas-para-la-puesta-en-marcha-de-iniciativas-empresariales","status":"publish","type":"post","link":"https:\/\/informacionlocal.es\/en\/el-cabildo-concede-casi-640-000-euros-en-ayudas-para-la-puesta-en-marcha-de-iniciativas-empresariales\/","title":{"rendered":"\ufeffEl Cabildo concede casi 640.000 euros en ayudas para la puesta en marcha de iniciativas empresariales"},"content":{"rendered":"<div class=\"entry-content\"><strong>6 noviembre, 2025<\/strong><\/p>\n<p><em><strong>La resoluci\u00f3n definitiva puede consultarse ya en la p\u00e1gina web\u00a0<\/strong><strong>cabildofuer.es<\/strong><strong>, fij\u00e1ndose como plazo el 14 de noviembre para aceptaci\u00f3n y justificaci\u00f3n de la subvenci\u00f3n<\/strong><\/em><\/p>\n<p>El Cabildo de Fuerteventura ha concedido 637.364,65 euros en ayudas para la puesta en marcha de iniciativas empresariales, casi 140.000 m\u00e1s que en la anterior convocatoria, habi\u00e9ndo otorgado la totalidad de la dotaci\u00f3n prevista.<\/p>\n<p>Seg\u00fan explican la presidenta Lola Garc\u00eda y la consejera de Promoci\u00f3n Econ\u00f3mica, Nuria Cabrera, estas subvenciones se dirigen a impulsar el tejido empresarial majorero y mejorar la empleabilidad. Las ayudas se han concedido a beneficiarios y beneficiarias que promueven proyectos empresariales en Fuerteventura.<\/p>\n<p>En esta convocatoria, apunta Nuria Cabrera, se han modificado las bases para otorgar mayor peso a las caracter\u00edsticas del proyecto dentro del contexto social y econ\u00f3mico actual. Se valoraron especialmente aquellas propuestas que detectan nuevos nichos de mercado, apuestan por la innovaci\u00f3n, mejoran la competitividad y generan empleo de mayor valor a\u00f1adido. Tambi\u00e9n se han considerado el cumplimiento de criterios de sostenibilidad y el impacto positivo en el bienestar social<\/p>\n<p>El listado definitivo de personas beneficiarias puede consultarse en\u00a0\u00a0https:\/\/www.cabildofuer.es\/cabildo\/atencion-al-ciudadano\/ayudas-becas-y-subvenciones\/promocion-economica\/subvenciones-para-la-puesta-en-marcha-de-iniciativas-empresariales\/iniciativas-empresariales-2025\/<\/p>\n<p>El plazo m\u00e1ximo para aceptar la subvenci\u00f3n y presentar la justificaci\u00f3n finaliza el pr\u00f3ximo 14 de noviembre, para aquellos beneficiarios que no constaban ya en el listado provisional publicado el pasado mes de octubre.<\/p>\n<p>Esta l\u00ednea de ayudas cuenta con fondos propios de la Corporaci\u00f3n insular y financiaci\u00f3n del Fondo de Desarrollo de Canarias (FDCAN).<\/p>\n<\/div>\n","protected":false},"excerpt":{"rendered":"<p>6 noviembre, 2025 La resoluci\u00f3n definitiva puede consultarse ya en la p\u00e1gina web\u00a0cabildofuer.es, fij\u00e1ndose como plazo el 14 de noviembre para aceptaci\u00f3n y justificaci\u00f3n de la subvenci\u00f3n El Cabildo de [&hellip;]<\/p>\n","protected":false},"author":1,"featured_media":13565,"comment_status":"open","ping_status":"open","sticky":false,"template":"","format":"standard","meta":{"inline_featured_image":false,"jnews-multi-image_gallery":[],"jnews_single_post":[],"jnews_primary_category":[],"jnews_social_meta":[],"jnews_override_counter":[],"jnews_post_split":[],"footnotes":""},"categories":[58],"tags":[82],"class_list":["post-13563","post","type-post","status-publish","format-standard","has-post-thumbnail","hentry","category-cabildo","tag-fuerteventura"],"jetpack_featured_media_url":"https:\/\/informacionlocal.es\/wp-content\/uploads\/2025\/11\/ertew.jpeg","_links":{"self":[{"href":"https:\/\/informacionlocal.es\/en\/wp-json\/wp\/v2\/posts\/13563","targetHints":{"allow":["GET"]}}],"collection":[{"href":"https:\/\/informacionlocal.es\/en\/wp-json\/wp\/v2\/posts"}],"about":[{"href":"https:\/\/informacionlocal.es\/en\/wp-json\/wp\/v2\/types\/post"}],"author":[{"embeddable":true,"href":"https:\/\/informacionlocal.es\/en\/wp-json\/wp\/v2\/users\/1"}],"replies":[{"embeddable":true,"href":"https:\/\/informacionlocal.es\/en\/wp-json\/wp\/v2\/comments?post=13563"}],"version-history":[{"count":0,"href":"https:\/\/informacionlocal.es\/en\/wp-json\/wp\/v2\/posts\/13563\/revisions"}],"wp:featuredmedia":[{"embeddable":true,"href":"https:\/\/informacionlocal.es\/en\/wp-json\/wp\/v2\/media\/13565"}],"wp:attachment":[{"href":"https:\/\/informacionlocal.es\/en\/wp-json\/wp\/v2\/media?parent=13563"}],"wp:term":[{"taxonomy":"category","embeddable":true,"href":"https:\/\/informacionlocal.es\/en\/wp-json\/wp\/v2\/categories?post=13563"},{"taxonomy":"post_tag","embeddable":true,"href":"https:\/\/informacionlocal.es\/en\/wp-json\/wp\/v2\/tags?post=13563"}],"curies":[{"name":"wp","href":"https:\/\/api.w.org\/{rel}","templated":true}]}}