{"id":13361,"date":"2025-10-31T22:58:23","date_gmt":"2025-10-31T22:58:23","guid":{"rendered":"https:\/\/informacionlocal.es\/fuerteventura-protagonista-comienza-su-formacion-presencial-sobre-participacion-ciudadana-en-los-procesos-comunitarios\/"},"modified":"2025-10-31T22:58:23","modified_gmt":"2025-10-31T22:58:23","slug":"fuerteventura-protagonista-comienza-su-formacion-presencial-sobre-participacion-ciudadana-en-los-procesos-comunitarios","status":"publish","type":"post","link":"https:\/\/informacionlocal.es\/en\/fuerteventura-protagonista-comienza-su-formacion-presencial-sobre-participacion-ciudadana-en-los-procesos-comunitarios\/","title":{"rendered":"\ufeff\u2018Fuerteventura Protagonista\u2019 comienza su formaci\u00f3n presencial sobre participaci\u00f3n ciudadana en los procesos comunitarios"},"content":{"rendered":"<div class=\"entry-content\"><strong>31 octubre, 2025<\/strong><\/p>\n<p>El proyecto \u2018Fuerteventura Protagonista\u2019, que impulsa la Consejer\u00eda de Acci\u00f3n Social, Diversidad, LGTBIQ+, Participaci\u00f3n Ciudadana y Gobierno Abierto del Cabildo, a trav\u00e9s de Fundaci\u00f3n General de la Universidad de La Laguna, contin\u00faa acercando la participaci\u00f3n ciudadana en los procesos comunitarios a la poblaci\u00f3n. Tras una serie de seminarios de metodolog\u00edas comunitarias online, la pr\u00f3xima semana comienza con la formaci\u00f3n presencial en las zonas norte, centro y sur de la Isla.<\/p>\n<p>Bajo el t\u00edtulo \u2018Formaci\u00f3n para la acci\u00f3n: La ciudadan\u00eda en los procesos comunitarios\u2019, esta acci\u00f3n se impartir\u00e1 del 4 de noviembre al 11 de diciembre en todos los municipios. Las inscripciones pueden formalizarse en\u00a0https:\/\/docs.google.com\/forms\/d\/e\/1FAIpQLSdJznGj8aeb2scuiNe1R58zhrvIQT4tzCySS6qwtbBCAN_8sw\/viewform<\/p>\n<p>En la zona centro-norte, las formaciones tendr\u00e1n lugar el 4 de noviembre, y el 6 de noviembre en los centros de juventud de Antigua y La Oliva, respectivamente. En Puerto del Rosario, se desarrollar\u00e1 el 11 y 12 de noviembre.<\/p>\n<p>En el caso de la zona centro-sur, se llevar\u00e1n el 4 de noviembre en Aula de Formaci\u00f3n de la Polic\u00eda Local de Morro Jable, el 6 de noviembre al Centro Polivalente de Betancuria y al Centro Cultural de Gran Tarajal los d\u00edas 11 y 12 de noviembre.<\/p>\n<p>El consejero insular, V\u00edctor Alonso, pone en valor el proyecto \u2018Fuerteventura Protagonista\u2019, que busca fomentar la participaci\u00f3n ciudadana en el desarrollo integral de la Isla. El objetivo general de esta formaci\u00f3n es facilitar conocimientos para comprender el papel de la ciudadan\u00eda en la construcci\u00f3n de lo comunitario, incorporando enfoques te\u00f3ricos y herramientas pr\u00e1cticas para el dise\u00f1o, acompa\u00f1amiento y fortalecimiento de procesos participativos con impacto social. Se centrar\u00e1 en el papel activo de la ciudadan\u00eda en la construcci\u00f3n de comunidades m\u00e1s cohesionadas, democr\u00e1ticas y sostenibles, integrando reflexi\u00f3n te\u00f3rica, herramientas pr\u00e1cticas y experiencias vivenciales. Toda la informaci\u00f3n puede consultarse en\u00a0www.fuerteventuraprotagonista.com<\/p>\n<\/div>\n","protected":false},"excerpt":{"rendered":"<p>31 octubre, 2025 El proyecto \u2018Fuerteventura Protagonista\u2019, que impulsa la Consejer\u00eda de Acci\u00f3n Social, Diversidad, LGTBIQ+, Participaci\u00f3n Ciudadana y Gobierno Abierto del Cabildo, a trav\u00e9s de Fundaci\u00f3n General de la [&hellip;]<\/p>\n","protected":false},"author":1,"featured_media":13363,"comment_status":"open","ping_status":"open","sticky":false,"template":"","format":"standard","meta":{"inline_featured_image":false,"jnews-multi-image_gallery":[],"jnews_single_post":[],"jnews_primary_category":[],"jnews_social_meta":[],"jnews_override_counter":[],"jnews_post_split":[],"footnotes":""},"categories":[58],"tags":[255,82,65,326],"class_list":["post-13361","post","type-post","status-publish","format-standard","has-post-thumbnail","hentry","category-cabildo","tag-formacion","tag-fuerteventura","tag-municipios","tag-participacion-ciudadana"],"jetpack_featured_media_url":"https:\/\/informacionlocal.es\/wp-content\/uploads\/2025\/10\/efefe.jpeg","_links":{"self":[{"href":"https:\/\/informacionlocal.es\/en\/wp-json\/wp\/v2\/posts\/13361","targetHints":{"allow":["GET"]}}],"collection":[{"href":"https:\/\/informacionlocal.es\/en\/wp-json\/wp\/v2\/posts"}],"about":[{"href":"https:\/\/informacionlocal.es\/en\/wp-json\/wp\/v2\/types\/post"}],"author":[{"embeddable":true,"href":"https:\/\/informacionlocal.es\/en\/wp-json\/wp\/v2\/users\/1"}],"replies":[{"embeddable":true,"href":"https:\/\/informacionlocal.es\/en\/wp-json\/wp\/v2\/comments?post=13361"}],"version-history":[{"count":0,"href":"https:\/\/informacionlocal.es\/en\/wp-json\/wp\/v2\/posts\/13361\/revisions"}],"wp:featuredmedia":[{"embeddable":true,"href":"https:\/\/informacionlocal.es\/en\/wp-json\/wp\/v2\/media\/13363"}],"wp:attachment":[{"href":"https:\/\/informacionlocal.es\/en\/wp-json\/wp\/v2\/media?parent=13361"}],"wp:term":[{"taxonomy":"category","embeddable":true,"href":"https:\/\/informacionlocal.es\/en\/wp-json\/wp\/v2\/categories?post=13361"},{"taxonomy":"post_tag","embeddable":true,"href":"https:\/\/informacionlocal.es\/en\/wp-json\/wp\/v2\/tags?post=13361"}],"curies":[{"name":"wp","href":"https:\/\/api.w.org\/{rel}","templated":true}]}}