{"id":13309,"date":"2025-10-31T14:58:29","date_gmt":"2025-10-31T14:58:29","guid":{"rendered":"https:\/\/informacionlocal.es\/el-cabildo-pide-al-gobierno-de-canarias-que-el-alumnado-de-bachillerato-y-fp-no-se-deje-fuera-del-transporte-escolar\/"},"modified":"2025-10-31T14:58:29","modified_gmt":"2025-10-31T14:58:29","slug":"el-cabildo-pide-al-gobierno-de-canarias-que-el-alumnado-de-bachillerato-y-fp-no-se-deje-fuera-del-transporte-escolar","status":"publish","type":"post","link":"https:\/\/informacionlocal.es\/en\/el-cabildo-pide-al-gobierno-de-canarias-que-el-alumnado-de-bachillerato-y-fp-no-se-deje-fuera-del-transporte-escolar\/","title":{"rendered":"\ufeffEl Cabildo pide al Gobierno de Canarias que el alumnado de bachillerato y FP no se deje fuera del transporte escolar"},"content":{"rendered":"<div class=\"entry-content\"><strong>31 octubre, 2025<\/strong><\/p>\n<p><em><strong>El Pleno de la Corporaci\u00f3n insular aprueba una moci\u00f3n institucional relativa a la mejora del transporte de estudiantes de educaci\u00f3n postobligatoria, instando a establecer esta y otras medidas<\/strong><\/em><\/p>\n<p>El Pleno del Cabildo de Fuerteventura ha aprobado una moci\u00f3n institucional hoy, 31 de octubre, instando a la Consejer\u00eda de Educaci\u00f3n del Gobierno de Canarias a establecer medidas que mejoren el transporte para estudiantes de educaci\u00f3n postobligatoria en la Isla.<\/p>\n<p>Fuerteventura presenta una poblaci\u00f3n dispersa en diversos n\u00facleos, lo que dificulta el acceso equitativo a diferentes servicios. La falta de transporte adaptado a los horarios y localizaci\u00f3n de estudios postobligatorios, especialmente bachillerato y formaci\u00f3n profesional, supone una barrera para la continuidad acad\u00e9mica del alumnado. La localizaci\u00f3n de aulas, en ocasiones hasta a m\u00e1s de 4 kil\u00f3metros de los centros educativos, sin transporte compatible, condiciona la igualdad de oportunidades.<\/p>\n<p>Por estos motivos, el Pleno del Cabildo, solicita a la Consejer\u00eda de Educaci\u00f3n del Gobierno de Canarias la modificaci\u00f3n de la Orden 2 de agosto de 2006, para incluir como beneficiarios del transporte escolar al alumnado de bachillerato y formaci\u00f3n profesional, tal y como ocurre en otras comunidades aut\u00f3nomas.<\/p>\n<p>Adem\u00e1s, se insta al presidente del Gobierno de Canarias a habilitar una l\u00ednea de financiaci\u00f3n espec\u00edfica para garantizar el transporte escolar dirigido a este tipo de alumnado en islas no capitalinas, atendiendo a las particularidades de Fuerteventura.<\/p>\n<p>Seg\u00fan apunt\u00f3 la presidenta del Cabildo, Lola Garc\u00eda, durante la sesi\u00f3n plenaria, \u201ces indispensable la coordinaci\u00f3n entre administraciones para garantizar soluciones de movilidad que permitan al alumnado continuar con sus estudios, por lo que, a trav\u00e9s de esta moci\u00f3n se ofrece, adem\u00e1s, colaboraci\u00f3n para constituir una mesa de trabajo con el Gobierno de Canarias, ayuntamientos y centros educativos a fin de coordinar soluciones de transporte acordes a las necesidades del alumnado en la Isla\u201d.<\/p>\n<p>Asimismo, se solicita una planificaci\u00f3n educativa adecuada que evite la ubicaci\u00f3n de grupos formativos en espacios alejados sin transporte compatible, d\u00e1ndose traslado de esta moci\u00f3n al ejecutivo auton\u00f3mico, ayuntamientos, centros educativos de Bachillerato y FP, as\u00ed como al Consejo Escolar de Canarias.<\/p>\n<p><strong>Evaluaci\u00f3n Ambiental<\/strong><\/p>\n<p>El Pleno ha dado luz verde, adem\u00e1s, al convenio de colaboraci\u00f3n entre el Cabildo y el Ayuntamiento de Tuineje para la delegaci\u00f3n de competencias en materia de evaluaci\u00f3n ambiental de planes, proyectos y programas impulsados a iniciativa p\u00fablica o privada en suelos ubicados en el municipio. Se suscribe a petici\u00f3n del Ayuntamiento de Tuineje y ha sido acordado por unanimidad del Pleno.<\/p>\n<\/div>\n","protected":false},"excerpt":{"rendered":"<p>31 octubre, 2025 El Pleno de la Corporaci\u00f3n insular aprueba una moci\u00f3n institucional relativa a la mejora del transporte de estudiantes de educaci\u00f3n postobligatoria, instando a establecer esta y otras [&hellip;]<\/p>\n","protected":false},"author":1,"featured_media":13311,"comment_status":"open","ping_status":"open","sticky":false,"template":"","format":"standard","meta":{"inline_featured_image":false,"jnews-multi-image_gallery":[],"jnews_single_post":[],"jnews_primary_category":[],"jnews_social_meta":[],"jnews_override_counter":[],"jnews_post_split":[],"footnotes":""},"categories":[58],"tags":[73,82],"class_list":["post-13309","post","type-post","status-publish","format-standard","has-post-thumbnail","hentry","category-cabildo","tag-educacion","tag-fuerteventura"],"jetpack_featured_media_url":"https:\/\/informacionlocal.es\/wp-content\/uploads\/2025\/10\/rgrgr-2.jpeg","_links":{"self":[{"href":"https:\/\/informacionlocal.es\/en\/wp-json\/wp\/v2\/posts\/13309","targetHints":{"allow":["GET"]}}],"collection":[{"href":"https:\/\/informacionlocal.es\/en\/wp-json\/wp\/v2\/posts"}],"about":[{"href":"https:\/\/informacionlocal.es\/en\/wp-json\/wp\/v2\/types\/post"}],"author":[{"embeddable":true,"href":"https:\/\/informacionlocal.es\/en\/wp-json\/wp\/v2\/users\/1"}],"replies":[{"embeddable":true,"href":"https:\/\/informacionlocal.es\/en\/wp-json\/wp\/v2\/comments?post=13309"}],"version-history":[{"count":0,"href":"https:\/\/informacionlocal.es\/en\/wp-json\/wp\/v2\/posts\/13309\/revisions"}],"wp:featuredmedia":[{"embeddable":true,"href":"https:\/\/informacionlocal.es\/en\/wp-json\/wp\/v2\/media\/13311"}],"wp:attachment":[{"href":"https:\/\/informacionlocal.es\/en\/wp-json\/wp\/v2\/media?parent=13309"}],"wp:term":[{"taxonomy":"category","embeddable":true,"href":"https:\/\/informacionlocal.es\/en\/wp-json\/wp\/v2\/categories?post=13309"},{"taxonomy":"post_tag","embeddable":true,"href":"https:\/\/informacionlocal.es\/en\/wp-json\/wp\/v2\/tags?post=13309"}],"curies":[{"name":"wp","href":"https:\/\/api.w.org\/{rel}","templated":true}]}}