{"id":13297,"date":"2025-10-31T12:58:28","date_gmt":"2025-10-31T12:58:28","guid":{"rendered":"https:\/\/informacionlocal.es\/el-pleno-del-cabildo-aprueba-una-mocion-institucional-en-defensa-del-personal-de-correos-en-fuerteventura\/"},"modified":"2025-10-31T12:58:28","modified_gmt":"2025-10-31T12:58:28","slug":"el-pleno-del-cabildo-aprueba-una-mocion-institucional-en-defensa-del-personal-de-correos-en-fuerteventura","status":"publish","type":"post","link":"https:\/\/informacionlocal.es\/en\/el-pleno-del-cabildo-aprueba-una-mocion-institucional-en-defensa-del-personal-de-correos-en-fuerteventura\/","title":{"rendered":"\ufeffEl Pleno del Cabildo aprueba una moci\u00f3n institucional en defensa del personal de Correos en Fuerteventura"},"content":{"rendered":"<div class=\"entry-content\"><strong>31 octubre, 2025<\/strong><\/p>\n<p>El Pleno del Cabildo de Fuerteventura ha aprobado una moci\u00f3n institucional en defensa del servicio p\u00fablico postal en la Isla, reconociendo a Correos como una instituci\u00f3n p\u00fablica b\u00e1sica y esencial para la cohesi\u00f3n territorial y la igualdad de derechos, e instando al Estado a garantizar el refuerzo de personal y medios en la Isla.<\/p>\n<p>La Corporaci\u00f3n insular pone de relieve, as\u00ed, la situaci\u00f3n cr\u00edtica que atraviesa el servicio en Fuerteventura, con reducciones de plantilla de hasta un 50% y la eliminaci\u00f3n de personal eventual, dejando muchos n\u00facleos poblacionales sin un reparto regular.<\/p>\n<p>Por estos motivos, a trav\u00e9s de esta moci\u00f3n se insta al Gobierno de Espa\u00f1a a ejecutar de forma inmediata la enmienda postal publicada en el BOE del 29 de julio de 2025, con el objetivo de garantizar el refuerzo urgente de personal y medios en Fuerteventura.<\/p>\n<p>Se exigen, asimismo, unas condiciones laborales dignas y un plan espec\u00edfico para el reparto rural, adaptado a las caracter\u00edsticas geogr\u00e1ficas y demogr\u00e1ficas de Fuerteventura.<\/p>\n<p>Se insta al Parlamento de Canarias y al Gobierno auton\u00f3mico a respaldar\u00a0\u00a0\u00a0 estas\u00a0\u00a0\u00a0 reivindicaciones\u00a0\u00a0\u00a0 y\u00a0 a\u00a0\u00a0\u00a0ejercer\u00a0\u00a0\u00a0 su\u00a0\u00a0\u00a0 labor institucional para asegurar que el servicio postal p\u00fablico se mantenga en condiciones \u00f3ptimas en todas las islas.<\/p>\n<\/div>\n","protected":false},"excerpt":{"rendered":"<p>31 octubre, 2025 El Pleno del Cabildo de Fuerteventura ha aprobado una moci\u00f3n institucional en defensa del servicio p\u00fablico postal en la Isla, reconociendo a Correos como una instituci\u00f3n p\u00fablica [&hellip;]<\/p>\n","protected":false},"author":1,"featured_media":13299,"comment_status":"open","ping_status":"open","sticky":false,"template":"","format":"standard","meta":{"inline_featured_image":false,"jnews-multi-image_gallery":[],"jnews_single_post":[],"jnews_primary_category":[],"jnews_social_meta":[],"jnews_override_counter":[],"jnews_post_split":[],"footnotes":""},"categories":[58],"tags":[82],"class_list":["post-13297","post","type-post","status-publish","format-standard","has-post-thumbnail","hentry","category-cabildo","tag-fuerteventura"],"jetpack_featured_media_url":"https:\/\/informacionlocal.es\/wp-content\/uploads\/2025\/10\/rgrgr-1.jpeg","_links":{"self":[{"href":"https:\/\/informacionlocal.es\/en\/wp-json\/wp\/v2\/posts\/13297","targetHints":{"allow":["GET"]}}],"collection":[{"href":"https:\/\/informacionlocal.es\/en\/wp-json\/wp\/v2\/posts"}],"about":[{"href":"https:\/\/informacionlocal.es\/en\/wp-json\/wp\/v2\/types\/post"}],"author":[{"embeddable":true,"href":"https:\/\/informacionlocal.es\/en\/wp-json\/wp\/v2\/users\/1"}],"replies":[{"embeddable":true,"href":"https:\/\/informacionlocal.es\/en\/wp-json\/wp\/v2\/comments?post=13297"}],"version-history":[{"count":0,"href":"https:\/\/informacionlocal.es\/en\/wp-json\/wp\/v2\/posts\/13297\/revisions"}],"wp:featuredmedia":[{"embeddable":true,"href":"https:\/\/informacionlocal.es\/en\/wp-json\/wp\/v2\/media\/13299"}],"wp:attachment":[{"href":"https:\/\/informacionlocal.es\/en\/wp-json\/wp\/v2\/media?parent=13297"}],"wp:term":[{"taxonomy":"category","embeddable":true,"href":"https:\/\/informacionlocal.es\/en\/wp-json\/wp\/v2\/categories?post=13297"},{"taxonomy":"post_tag","embeddable":true,"href":"https:\/\/informacionlocal.es\/en\/wp-json\/wp\/v2\/tags?post=13297"}],"curies":[{"name":"wp","href":"https:\/\/api.w.org\/{rel}","templated":true}]}}