{"id":13285,"date":"2025-10-30T20:59:30","date_gmt":"2025-10-30T20:59:30","guid":{"rendered":"https:\/\/informacionlocal.es\/el-cabildo-culmina-con-exito-su-taller-de-transformacion-de-la-lana-en-el-marco-del-proyecto-enredarte\/"},"modified":"2025-10-30T20:59:30","modified_gmt":"2025-10-30T20:59:30","slug":"el-cabildo-culmina-con-exito-su-taller-de-transformacion-de-la-lana-en-el-marco-del-proyecto-enredarte","status":"publish","type":"post","link":"https:\/\/informacionlocal.es\/en\/el-cabildo-culmina-con-exito-su-taller-de-transformacion-de-la-lana-en-el-marco-del-proyecto-enredarte\/","title":{"rendered":"\ufeffEl Cabildo culmina con \u00e9xito su taller de transformaci\u00f3n de la lana en el marco del proyecto EnRedArte"},"content":{"rendered":"<div class=\"entry-content\"><strong>30 octubre, 2025<\/strong><\/p>\n<p><em><strong>La especialista Beatriz Ballester ha dado a conocer t\u00e9cnicas artesanales tradicionales que permiten la reutilizaci\u00f3n de la lana como materia prima<\/strong><\/em><strong>V<\/strong><\/p>\n<p>Una decena de personas ha finalizado con \u00e9xito el taller de iniciaci\u00f3n a la transformaci\u00f3n de la lana que ha desarrollado la Consejer\u00eda de Artesan\u00eda del Cabildo de Fuerteventura, que dirige Lolina Negr\u00edn, dentro del programa EnRedArte.<\/p>\n<p>Los talleres se han desarrollado esta semana en Valle de Santa In\u00e9s, impartidos por la artesana especialista en transformaci\u00f3n de La Lana, Beatriz Ballester, procedente de El Hierro. Esta profesional es reconocida por su labor en la preservaci\u00f3n de t\u00e9cnicas artesanales tradicionales.<\/p>\n<p>La consejera insular, Lolina Negr\u00edn, explica que \u201cel objetivo de esta acci\u00f3n formativa es dar a conocer y preservar t\u00e9cnicas tradicionales, en este caso la transformaci\u00f3n de la lana. Se persigue, adem\u00e1s, que la lana se convierta en un recurso reutilizable, tal y como ocurr\u00eda antiguamente, como materia prima para la artesan\u00eda y posibles aplicaciones innovadoras, en lugar de ser desechada\u201d.<\/p>\n<p>El hilado de lana forma parte de las manifestaciones culturales m\u00e1s arraigadas en Fuerteventura. Este oficio, que durante siglos ha sido fundamental para la elaboraci\u00f3n de piezas textiles en la sociedad majorera, constituye un valioso patrimonio inmaterial que hoy requiere iniciativas activas para su preservaci\u00f3n.<\/p>\n<p>Debido al \u00e9xito de este primer taller, la intenci\u00f3n es proyectar futuras acciones que contin\u00faen impulsando este esfuerzo por conservar el arte de la lana, tambi\u00e9n como recurso y materia prima.<\/p>\n<p>El taller se ha desarrollado en el marco de las Jornadas de Agroecolog\u00eda \u201cArrimando el Hombro\u201d, proyecto subvencionado por GDR Maxorata, a trav\u00e9s de la estrategia de desarrollo local participativa Leader para la isla de Fuerteventura dentro del plan estrat\u00e9gico de la pol\u00edtica agraria comunitaria 2023-2027 y ha contado con la colaboraci\u00f3n del Ayuntamiento de Betancuria y Erdenwert.<\/p>\n<\/div>\n","protected":false},"excerpt":{"rendered":"<p>30 octubre, 2025 La especialista Beatriz Ballester ha dado a conocer t\u00e9cnicas artesanales tradicionales que permiten la reutilizaci\u00f3n de la lana como materia primaV Una decena de personas ha finalizado [&hellip;]<\/p>\n","protected":false},"author":1,"featured_media":13287,"comment_status":"open","ping_status":"open","sticky":false,"template":"","format":"standard","meta":{"inline_featured_image":false,"jnews-multi-image_gallery":[],"jnews_single_post":[],"jnews_primary_category":[],"jnews_social_meta":[],"jnews_override_counter":[],"jnews_post_split":[],"footnotes":""},"categories":[58],"tags":[82],"class_list":["post-13285","post","type-post","status-publish","format-standard","has-post-thumbnail","hentry","category-cabildo","tag-fuerteventura"],"jetpack_featured_media_url":"https:\/\/informacionlocal.es\/wp-content\/uploads\/2025\/10\/edede.jpeg","_links":{"self":[{"href":"https:\/\/informacionlocal.es\/en\/wp-json\/wp\/v2\/posts\/13285","targetHints":{"allow":["GET"]}}],"collection":[{"href":"https:\/\/informacionlocal.es\/en\/wp-json\/wp\/v2\/posts"}],"about":[{"href":"https:\/\/informacionlocal.es\/en\/wp-json\/wp\/v2\/types\/post"}],"author":[{"embeddable":true,"href":"https:\/\/informacionlocal.es\/en\/wp-json\/wp\/v2\/users\/1"}],"replies":[{"embeddable":true,"href":"https:\/\/informacionlocal.es\/en\/wp-json\/wp\/v2\/comments?post=13285"}],"version-history":[{"count":0,"href":"https:\/\/informacionlocal.es\/en\/wp-json\/wp\/v2\/posts\/13285\/revisions"}],"wp:featuredmedia":[{"embeddable":true,"href":"https:\/\/informacionlocal.es\/en\/wp-json\/wp\/v2\/media\/13287"}],"wp:attachment":[{"href":"https:\/\/informacionlocal.es\/en\/wp-json\/wp\/v2\/media?parent=13285"}],"wp:term":[{"taxonomy":"category","embeddable":true,"href":"https:\/\/informacionlocal.es\/en\/wp-json\/wp\/v2\/categories?post=13285"},{"taxonomy":"post_tag","embeddable":true,"href":"https:\/\/informacionlocal.es\/en\/wp-json\/wp\/v2\/tags?post=13285"}],"curies":[{"name":"wp","href":"https:\/\/api.w.org\/{rel}","templated":true}]}}