{"id":13185,"date":"2025-10-29T17:58:20","date_gmt":"2025-10-29T17:58:20","guid":{"rendered":"https:\/\/informacionlocal.es\/puerto-del-rosario-mejora-la-accesibilidad-peatonal-en-la-avenida-juan-de-bethencourt\/"},"modified":"2025-10-29T17:58:20","modified_gmt":"2025-10-29T17:58:20","slug":"puerto-del-rosario-mejora-la-accesibilidad-peatonal-en-la-avenida-juan-de-bethencourt","status":"publish","type":"post","link":"https:\/\/informacionlocal.es\/en\/puerto-del-rosario-mejora-la-accesibilidad-peatonal-en-la-avenida-juan-de-bethencourt\/","title":{"rendered":"Puerto del Rosario mejora la accesibilidad peatonal en la Avenida Juan de Bethencourt"},"content":{"rendered":"<div class=\"entry-content\">\n<ul>\n<li><span><strong>Las obras se ejecutan junto al CEIP Puerto del Rosario para garantizar la seguridad y el tr\u00e1nsito de peatones en un tramo muy concurrido.<\/strong><\/span><strong>\u00a0<\/strong><\/li>\n<\/ul>\n<p><span><strong>En Puerto del Rosario, a 29 de octubre de 2025.-<\/strong> El Ayuntamiento de Puerto del Rosario ha iniciado los trabajos de mejora y acondicionamiento de la acera situada en la Avenida Juan de Bethencourt, en el tramo comprendido entre las calles Isla de la Graciosa y Herbania, frente al CEIP Puerto del Rosario.<\/span><\/p>\n<p><span>Las obras, autorizadas por la Consejer\u00eda de Obras y Carreteras del Cabildo de Fuerteventura y coordinadas entre ambas administraciones, responden a una demanda vecinal y a la necesidad de garantizar la seguridad de los peatones, especialmente de los escolares y familias que circulan a diario por esta v\u00eda, una de las m\u00e1s transitadas del municipio.<\/span><\/p>\n<p><img loading=\"lazy\" decoding=\"async\" loading=\"lazy\" class=\"size-large wp-image-157475 aligncenter\" src=\"https:\/\/informacionlocal.es\/wp-content\/uploads\/2025\/10\/aceras-juan-de-bethencourt-1024x768-1.jpeg\" width=\"1024\" height=\"768\" title=\"aceras-juan-de-bethencourt-1024x768-1\"><\/p>\n<p><span>El alcalde de Puerto del Rosario, David de Vera, se\u00f1al\u00f3 que \u201cera una intervenci\u00f3n urgente por el mal estado del pavimento y por el riesgo que supon\u00eda para los peatones. Gracias a la colaboraci\u00f3n con el Cabildo, podemos acometer una obra que mejora la accesibilidad, la seguridad y la calidad del espacio p\u00fablico\u201d.<\/span><\/p>\n<p><span>La concejala de Movilidad y Accesibilidad, To\u00f1i Fdez. Arag\u00f3n, explic\u00f3 que \u201ctras solicitar la autorizaci\u00f3n correspondiente al Cabildo, desde el \u00e1rea comenzaremos de forma inminente con la ejecuci\u00f3n de una obra muy necesaria. Se trata de un tramo con gran afluencia de personas, tanto ni\u00f1os como adultos, y en el que ya se hab\u00edan registrado incidencias por ca\u00eddas. Nuestro objetivo es que esta avenida sea plenamente accesible, c\u00f3moda y segura para todos los peatones\u201d.<\/span><\/p>\n<p><span>La intervenci\u00f3n incluye la demolici\u00f3n del pavimento existente y la retirada de elementos deteriorados u obsoletos; la reconfiguraci\u00f3n de la acera para cumplir con el ancho m\u00ednimo accesible seg\u00fan la normativa vigente; la pavimentaci\u00f3n con materiales antideslizantes y homologados; la eliminaci\u00f3n de barreras arquitect\u00f3nicas con rebajes en pasos de peatones; y la se\u00f1alizaci\u00f3n horizontal y vertical conforme a los criterios de seguridad peatonal y accesibilidad universal.<\/span><\/p>\n<p><img loading=\"lazy\" decoding=\"async\" loading=\"lazy\" class=\"size-large wp-image-157476 aligncenter\" src=\"https:\/\/informacionlocal.es\/wp-content\/uploads\/2025\/10\/aceras-juan-de-bethencourt-1-1024x768-1.jpeg\" width=\"1024\" height=\"768\" title=\"aceras-juan-de-bethencourt-1-1024x768-1\"><\/p>\n<p><span>Adem\u00e1s, se actuar\u00e1 en la mediana por donde discurre el paso de peatones, y se coordinar\u00e1n los trabajos con otros servicios municipales para posibles mejoras en alumbrado, jardiner\u00eda o canalizaciones.<\/span><\/p>\n<\/div>\n","protected":false},"excerpt":{"rendered":"<p>Las obras se ejecutan junto al CEIP Puerto del Rosario para garantizar la seguridad y el tr\u00e1nsito de peatones en un tramo muy concurrido.\u00a0 En Puerto del Rosario, a 29 [&hellip;]<\/p>\n","protected":false},"author":1,"featured_media":13187,"comment_status":"open","ping_status":"open","sticky":false,"template":"","format":"standard","meta":{"inline_featured_image":false,"jnews-multi-image_gallery":[],"jnews_single_post":[],"jnews_primary_category":[],"jnews_social_meta":[],"jnews_override_counter":[],"jnews_post_split":[],"footnotes":""},"categories":[61],"tags":[373,82,408],"class_list":["post-13185","post","type-post","status-publish","format-standard","has-post-thumbnail","hentry","category-puerto-del-rosario","tag-accesibilidad","tag-fuerteventura","tag-movilidad"],"jetpack_featured_media_url":"https:\/\/informacionlocal.es\/wp-content\/uploads\/2025\/10\/accesibilidad.png","_links":{"self":[{"href":"https:\/\/informacionlocal.es\/en\/wp-json\/wp\/v2\/posts\/13185","targetHints":{"allow":["GET"]}}],"collection":[{"href":"https:\/\/informacionlocal.es\/en\/wp-json\/wp\/v2\/posts"}],"about":[{"href":"https:\/\/informacionlocal.es\/en\/wp-json\/wp\/v2\/types\/post"}],"author":[{"embeddable":true,"href":"https:\/\/informacionlocal.es\/en\/wp-json\/wp\/v2\/users\/1"}],"replies":[{"embeddable":true,"href":"https:\/\/informacionlocal.es\/en\/wp-json\/wp\/v2\/comments?post=13185"}],"version-history":[{"count":0,"href":"https:\/\/informacionlocal.es\/en\/wp-json\/wp\/v2\/posts\/13185\/revisions"}],"wp:featuredmedia":[{"embeddable":true,"href":"https:\/\/informacionlocal.es\/en\/wp-json\/wp\/v2\/media\/13187"}],"wp:attachment":[{"href":"https:\/\/informacionlocal.es\/en\/wp-json\/wp\/v2\/media?parent=13185"}],"wp:term":[{"taxonomy":"category","embeddable":true,"href":"https:\/\/informacionlocal.es\/en\/wp-json\/wp\/v2\/categories?post=13185"},{"taxonomy":"post_tag","embeddable":true,"href":"https:\/\/informacionlocal.es\/en\/wp-json\/wp\/v2\/tags?post=13185"}],"curies":[{"name":"wp","href":"https:\/\/api.w.org\/{rel}","templated":true}]}}