{"id":13107,"date":"2025-10-28T15:58:38","date_gmt":"2025-10-28T15:58:38","guid":{"rendered":"https:\/\/informacionlocal.es\/noche-de-brujas-y-hotel-del-infierno-en-antigua-este-viernes-en-la-plaza\/"},"modified":"2025-10-28T15:58:38","modified_gmt":"2025-10-28T15:58:38","slug":"noche-de-brujas-y-hotel-del-infierno-en-antigua-este-viernes-en-la-plaza","status":"publish","type":"post","link":"https:\/\/informacionlocal.es\/en\/noche-de-brujas-y-hotel-del-infierno-en-antigua-este-viernes-en-la-plaza\/","title":{"rendered":"Noche de Brujas y Hotel del Infierno en Antigua este viernes en la plaza"},"content":{"rendered":"<div class=\"elementor-widget-container\">\n<p><strong>Noche de Brujas y Hotel del Infierno en Antigua este viernes en la plaza<\/strong><\/p>\n<p><strong>\u2022 Si quieres truco o trato mejor asistir terror\u00edficamente disfrazado este viernes 31 de octubre desde las 18:00 horas a la plaza de Antigua. <\/strong><br \/><strong>\u2022 El Tren Terror\u00edfico, el bosque encantado o el hotel del infierno s\u00f3lo podr\u00e1n superarse degustando la gran chocolatada embrujada y preparada para la ocasi\u00f3n.<\/strong><\/p>\n<p>Si no quieres pasar miedo, avisa el concejal de Juventud, Pedro M. Armas, no te acerques a la plaza de Antigua este viernes 31 de octubre desde que el reloj marque las seis de la tarde, porque dar\u00e1 comienzo la Noche de Brujas invit\u00e1ndote a chocolatada embrujada, o a pasear por el bosque encantado, viajar en el tren terror\u00edfico, jugar en los talleres t\u00e9tricos o alojarte en el Hotel del Infierno.<\/p>\n<p>Antigua celebra el 31 de octubre, la noche de los finaos este viernes, cumpliendo tradiciones y sorprendiendo con un aquelarre aterrador en una Noche de Brujas terrible y sorprendente, y a\u00f1ade el concejal, a todos y todas las valientes que quieran asistir ya quedan prevenidos que ser\u00e1 mejor venir disfrazado o no podr\u00e1 ofrecerse ni truco ni trato.<\/p>\n<p>La celebraci\u00f3n de esta noche de juego disfraces, trucos y tratos en la plaza de Antigua, ya result\u00f3 un \u00e9xito el a\u00f1o pasado, logrando un divertido ambiente familiar en el que todo el mundo particip\u00f3, afirma el alcalde, Mat\u00edas Pe\u00f1a Garc\u00eda, por eso este a\u00f1o la apuesta del Ayuntamiento de Antigua es mayo, con el fin de proponer m\u00e1s eventos divertidos, evitando las esperas y dejando a las brujas por una noche, protagonizar la plaza.<\/p>\n<p>\u00a0<\/p>\n<\/div>\n","protected":false},"excerpt":{"rendered":"<p><strong>Noche de Brujas y Hotel del Infierno en Antigua este viernes en la plaza<\/strong><\/p>\n","protected":false},"author":1,"featured_media":13109,"comment_status":"open","ping_status":"open","sticky":false,"template":"","format":"standard","meta":{"inline_featured_image":false,"jnews-multi-image_gallery":[],"jnews_single_post":[],"jnews_primary_category":[],"jnews_social_meta":[],"jnews_override_counter":[],"jnews_post_split":[],"footnotes":""},"categories":[59],"tags":[69],"class_list":["post-13107","post","type-post","status-publish","format-standard","has-post-thumbnail","hentry","category-antigua","tag-eventos"],"jetpack_featured_media_url":"https:\/\/informacionlocal.es\/wp-content\/uploads\/2025\/10\/noche-de-brujas-y-hotel-del-infierno-en-antigua-este-viernes-en-la-plaza.jpg","_links":{"self":[{"href":"https:\/\/informacionlocal.es\/en\/wp-json\/wp\/v2\/posts\/13107","targetHints":{"allow":["GET"]}}],"collection":[{"href":"https:\/\/informacionlocal.es\/en\/wp-json\/wp\/v2\/posts"}],"about":[{"href":"https:\/\/informacionlocal.es\/en\/wp-json\/wp\/v2\/types\/post"}],"author":[{"embeddable":true,"href":"https:\/\/informacionlocal.es\/en\/wp-json\/wp\/v2\/users\/1"}],"replies":[{"embeddable":true,"href":"https:\/\/informacionlocal.es\/en\/wp-json\/wp\/v2\/comments?post=13107"}],"version-history":[{"count":0,"href":"https:\/\/informacionlocal.es\/en\/wp-json\/wp\/v2\/posts\/13107\/revisions"}],"wp:featuredmedia":[{"embeddable":true,"href":"https:\/\/informacionlocal.es\/en\/wp-json\/wp\/v2\/media\/13109"}],"wp:attachment":[{"href":"https:\/\/informacionlocal.es\/en\/wp-json\/wp\/v2\/media?parent=13107"}],"wp:term":[{"taxonomy":"category","embeddable":true,"href":"https:\/\/informacionlocal.es\/en\/wp-json\/wp\/v2\/categories?post=13107"},{"taxonomy":"post_tag","embeddable":true,"href":"https:\/\/informacionlocal.es\/en\/wp-json\/wp\/v2\/tags?post=13107"}],"curies":[{"name":"wp","href":"https:\/\/api.w.org\/{rel}","templated":true}]}}