{"id":13051,"date":"2025-10-27T18:58:28","date_gmt":"2025-10-27T18:58:28","guid":{"rendered":"https:\/\/informacionlocal.es\/corralejo-se-prepara-para-vivir-halloween-ven-a-pasarlo-de-miedo-una-jornada-llena-de-animacion-y-actividades\/"},"modified":"2025-10-27T18:58:28","modified_gmt":"2025-10-27T18:58:28","slug":"corralejo-se-prepara-para-vivir-halloween-ven-a-pasarlo-de-miedo-una-jornada-llena-de-animacion-y-actividades","status":"publish","type":"post","link":"https:\/\/informacionlocal.es\/en\/corralejo-se-prepara-para-vivir-halloween-ven-a-pasarlo-de-miedo-una-jornada-llena-de-animacion-y-actividades\/","title":{"rendered":"Corralejo se prepara para vivir \u2018Halloween Ven a Pasarlo de Miedo\u2019, una jornada llena de animaci\u00f3n y actividades"},"content":{"rendered":"<div class=\"entry-content\"><strong>27 octubre, 2025<\/strong><\/p>\n<p><strong><em>La Consejer\u00eda de Comercio y Empronor ponen en marcha esta<br \/>\niniciativa, en colaboraci\u00f3n con el Ayuntamiento de La Oliva<\/em><\/strong><\/p>\n<p>El Cabildo de Fuerteventura, a trav\u00e9s de la Consejer\u00eda de<br \/>\nComercio, y la Asociaci\u00f3n Comercial Empresarial y Profesional del Norte (Empronor),<br \/>\ncon la colaboraci\u00f3n del Ayuntamiento de La Oliva, ponen en marcha la acci\u00f3n comercial<br \/>\n\u2018Halloween Ven a Pasarlo de Miedo\u2019, una jornada de dinamizaci\u00f3n que llenar\u00e1 la<br \/>\nAvenida Nuestra Se\u00f1ora del Carmen y la Calle Lepanto de Corralejo de<br \/>\nactividades, concursos y espect\u00e1culos el pr\u00f3ximo 31 de octubre.<\/p>\n<p>El evento se desarrollar\u00e1 entre las 18.00 y las 22.30 horas, con<br \/>\nun amplio programa que incluye pasacalles, concursos de disfraces, pasajes del<br \/>\nterror, talleres de maquillaje, espect\u00e1culos de fuego y luces LED, actuaciones,<br \/>\nanimaci\u00f3n musical y el concurso a la mejor decoraci\u00f3n.<\/p>\n<p>La consejera insular de Comercio, Lolina Negr\u00edn, invit\u00f3 a todas<br \/>\nlas personas a participar \u201cen una acci\u00f3n que ya est\u00e1 consolidada, gracias al<br \/>\ngran trabajo que realiza la asociaci\u00f3n Empronor, y que ayuda a dinamizar la<br \/>\nzona comercial de Corralejo\u201d. La iniciativa forma parte de la campa\u00f1a de<br \/>\ndinamizaci\u00f3n comercial \u2018Empronor, tu comercio local\u2019, financiada \u00edntegramente<br \/>\npor la Consejer\u00eda de Comercio del Cabildo de Fuerteventura, y tiene como<br \/>\nobjetivo impulsar la actividad econ\u00f3mica y el consumo en el peque\u00f1o comercio, adem\u00e1s<br \/>\nde ofrecer una alternativa l\u00fadica y familiar durante la celebraci\u00f3n de<br \/>\nHalloween.<\/p>\n<p>El alcalde de La Oliva, Isa\u00ed Blanco, ha destacado que \u201cEmpronor<br \/>\nsigue trabajando para dinamizar nuestro comercio local. Un a\u00f1o m\u00e1s, lo hace a<br \/>\ntrav\u00e9s de la festividad de Halloween en el que busca entretener tanto a los<br \/>\nvecinos y vecinas de Corralejo como a los visitantes del municipio. Les<br \/>\ninvitamos a disfrutar de este d\u00eda en familia\u201d.<\/p>\n<p>En la presentaci\u00f3n estuvieron presentes, adem\u00e1s, Stefan Schroder<br \/>\npresidente de Empronor, quien agradeci\u00f3 el apoyo del Cabildo y el Ayuntamiento<br \/>\nde La Oliva, as\u00ed como la concejala de Comercio, Alexandra Mart\u00edn.<\/p>\n<\/div>\n","protected":false},"excerpt":{"rendered":"<p>27 octubre, 2025 La Consejer\u00eda de Comercio y Empronor ponen en marcha esta iniciativa, en colaboraci\u00f3n con el Ayuntamiento de La Oliva El Cabildo de Fuerteventura, a trav\u00e9s de la [&hellip;]<\/p>\n","protected":false},"author":1,"featured_media":13053,"comment_status":"open","ping_status":"open","sticky":false,"template":"","format":"standard","meta":{"inline_featured_image":false,"jnews-multi-image_gallery":[],"jnews_single_post":[],"jnews_primary_category":[],"jnews_social_meta":[],"jnews_override_counter":[],"jnews_post_split":[],"footnotes":""},"categories":[58],"tags":[82],"class_list":["post-13051","post","type-post","status-publish","format-standard","has-post-thumbnail","hentry","category-cabildo","tag-fuerteventura"],"jetpack_featured_media_url":"https:\/\/informacionlocal.es\/wp-content\/uploads\/2025\/10\/comercio-1.jpeg","_links":{"self":[{"href":"https:\/\/informacionlocal.es\/en\/wp-json\/wp\/v2\/posts\/13051","targetHints":{"allow":["GET"]}}],"collection":[{"href":"https:\/\/informacionlocal.es\/en\/wp-json\/wp\/v2\/posts"}],"about":[{"href":"https:\/\/informacionlocal.es\/en\/wp-json\/wp\/v2\/types\/post"}],"author":[{"embeddable":true,"href":"https:\/\/informacionlocal.es\/en\/wp-json\/wp\/v2\/users\/1"}],"replies":[{"embeddable":true,"href":"https:\/\/informacionlocal.es\/en\/wp-json\/wp\/v2\/comments?post=13051"}],"version-history":[{"count":0,"href":"https:\/\/informacionlocal.es\/en\/wp-json\/wp\/v2\/posts\/13051\/revisions"}],"wp:featuredmedia":[{"embeddable":true,"href":"https:\/\/informacionlocal.es\/en\/wp-json\/wp\/v2\/media\/13053"}],"wp:attachment":[{"href":"https:\/\/informacionlocal.es\/en\/wp-json\/wp\/v2\/media?parent=13051"}],"wp:term":[{"taxonomy":"category","embeddable":true,"href":"https:\/\/informacionlocal.es\/en\/wp-json\/wp\/v2\/categories?post=13051"},{"taxonomy":"post_tag","embeddable":true,"href":"https:\/\/informacionlocal.es\/en\/wp-json\/wp\/v2\/tags?post=13051"}],"curies":[{"name":"wp","href":"https:\/\/api.w.org\/{rel}","templated":true}]}}