{"id":13017,"date":"2025-10-27T13:58:24","date_gmt":"2025-10-27T13:58:24","guid":{"rendered":"https:\/\/informacionlocal.es\/armando-marco-placeres-el-internacional-y-destacado-alpinista-de-antigua-sube-la-cumbre-del-teide\/"},"modified":"2025-10-27T13:58:24","modified_gmt":"2025-10-27T13:58:24","slug":"armando-marco-placeres-el-internacional-y-destacado-alpinista-de-antigua-sube-la-cumbre-del-teide","status":"publish","type":"post","link":"https:\/\/informacionlocal.es\/en\/armando-marco-placeres-el-internacional-y-destacado-alpinista-de-antigua-sube-la-cumbre-del-teide\/","title":{"rendered":"Armando Marco Placeres, el internacional y destacado alpinista de Antigua sube la cumbre del Teide"},"content":{"rendered":"<div class=\"elementor-widget-container\">\n<p><strong>Armando Marco Placeres, el internacional y destacado alpinista de Antigua sube la cumbre del Teide<\/strong><\/p>\n<p><strong>\u2022 Este fin de semana, el alpinista internacional y vecino de Antigua, Armando Marco Placeres, logr\u00f3 un nuevo reto y una nueva cima, alcanzando la cumbre del Teide, desde donde env\u00eda im\u00e1genes espectaculares a todos sus vecinos y vecinas.<\/strong><\/p>\n<p>El alcalde, Mat\u00edas Pe\u00f1a y el concejal de Deportes, Samuel Torres, reiteran sus felicitaciones a Armando Marco Placeres, un alpinista con m\u00e1s de catorce cimas de ocho mil metros subidas en todo el mundo, recientemente en Pakist\u00e1n, siendo el primer alpinista de Espa\u00f1a en lograr cumbre en la Golden Peak.<\/p>\n<p>Felicidades a un experimentado escalador, reconocido internacionalmente, y sin embargo, discreto vecino de Valles de Ortega, afirma Mat\u00edas Pe\u00f1a Garc\u00eda, de nuevo una nueva cima, la m\u00e1s alta de Espa\u00f1a, y siempre siendo un ejemplo de resistencia y perseverancia en cada paso hacia el objetivo.<\/p>\n<p>\u00a0<\/p>\n<\/div>\n","protected":false},"excerpt":{"rendered":"<p><strong>Armando Marco Placeres, el internacional y destacado alpinista de Antigua sube la cumbre del Teide<\/strong><\/p>\n","protected":false},"author":1,"featured_media":13019,"comment_status":"open","ping_status":"open","sticky":false,"template":"","format":"standard","meta":{"inline_featured_image":false,"jnews-multi-image_gallery":[],"jnews_single_post":[],"jnews_primary_category":[],"jnews_social_meta":[],"jnews_override_counter":[],"jnews_post_split":[],"footnotes":""},"categories":[59],"tags":[],"class_list":["post-13017","post","type-post","status-publish","format-standard","has-post-thumbnail","hentry","category-antigua"],"jetpack_featured_media_url":"https:\/\/informacionlocal.es\/wp-content\/uploads\/2025\/10\/armando-marco-placeres-el-internacional-y-destacado-alpinista-de-antigua-sube-la-cumbre-del-teide-7-scaled-1.jpg","_links":{"self":[{"href":"https:\/\/informacionlocal.es\/en\/wp-json\/wp\/v2\/posts\/13017","targetHints":{"allow":["GET"]}}],"collection":[{"href":"https:\/\/informacionlocal.es\/en\/wp-json\/wp\/v2\/posts"}],"about":[{"href":"https:\/\/informacionlocal.es\/en\/wp-json\/wp\/v2\/types\/post"}],"author":[{"embeddable":true,"href":"https:\/\/informacionlocal.es\/en\/wp-json\/wp\/v2\/users\/1"}],"replies":[{"embeddable":true,"href":"https:\/\/informacionlocal.es\/en\/wp-json\/wp\/v2\/comments?post=13017"}],"version-history":[{"count":0,"href":"https:\/\/informacionlocal.es\/en\/wp-json\/wp\/v2\/posts\/13017\/revisions"}],"wp:featuredmedia":[{"embeddable":true,"href":"https:\/\/informacionlocal.es\/en\/wp-json\/wp\/v2\/media\/13019"}],"wp:attachment":[{"href":"https:\/\/informacionlocal.es\/en\/wp-json\/wp\/v2\/media?parent=13017"}],"wp:term":[{"taxonomy":"category","embeddable":true,"href":"https:\/\/informacionlocal.es\/en\/wp-json\/wp\/v2\/categories?post=13017"},{"taxonomy":"post_tag","embeddable":true,"href":"https:\/\/informacionlocal.es\/en\/wp-json\/wp\/v2\/tags?post=13017"}],"curies":[{"name":"wp","href":"https:\/\/api.w.org\/{rel}","templated":true}]}}