{"id":12999,"date":"2025-10-27T10:58:27","date_gmt":"2025-10-27T10:58:27","guid":{"rendered":"https:\/\/informacionlocal.es\/cabildo-de-fuerteventura-y-museos-de-tenerife-inician-una-decima-excavacion-en-el-yacimiento-lobos-i\/"},"modified":"2025-10-27T10:58:27","modified_gmt":"2025-10-27T10:58:27","slug":"cabildo-de-fuerteventura-y-museos-de-tenerife-inician-una-decima-excavacion-en-el-yacimiento-lobos-i","status":"publish","type":"post","link":"https:\/\/informacionlocal.es\/en\/cabildo-de-fuerteventura-y-museos-de-tenerife-inician-una-decima-excavacion-en-el-yacimiento-lobos-i\/","title":{"rendered":"\ufeffCabildo de Fuerteventura y Museos de Tenerife inician una d\u00e9cima excavaci\u00f3n en el yacimiento Lobos I"},"content":{"rendered":"<div class=\"entry-content\"><strong>27 octubre, 2025<\/strong><\/p>\n<p><em><strong>Los trabajos buscan definir la extensi\u00f3n del taller de p\u00farpura, con posibles \u00e1reas asociadas a la vida cotidiana y la actividad pesquera<\/strong><\/em><\/p>\n<p>Comienza la d\u00e9cima campa\u00f1a de excavaciones arqueol\u00f3gicas en el Islote de Lobos (La Oliva), uno de los proyectos arqueol\u00f3gicos m\u00e1s trascendentales de Canarias. Los trabajos se efect\u00faan en el marco del convenio entre el Cabildo de Fuerteventura y el organismo aut\u00f3nomo de Museos y Centros del Cabildo de Tenerife, en el seno del proyecto de investigaci\u00f3n: <em>Hacia la definici\u00f3n de las islas Purpurarias. Desde el Taller de p\u00farpura de Lobos 1 (Islote de Lobos, La Oliva, (Fuerteventura).<\/em><\/p>\n<p>En esta nueva campa\u00f1a participa un amplio equipo de investigadores, arque\u00f3logos, bi\u00f3logos y especialistas en diferentes campos, pertenecientes a las distintas instituciones, as\u00ed como miembros colaboradores y amigos de los museos arqueol\u00f3gicos de Fuerteventura y Tenerife. <\/p>\n<p>Con una duraci\u00f3n de tres semanas, los trabajos<br \/>\nfinalizar\u00e1n el pr\u00f3ximo 15 de noviembre, siendo su objetivo definir la extensi\u00f3n<br \/>\ndel yacimiento Lobos I, consistente en un taller de p\u00farpura, hacia la zona sur<br \/>\nde la Playa de La Calera. Para ello, se prev\u00e9 practicar dos sondeos en lugares<br \/>\ndiferentes. Uno pr\u00f3ximo al taller y al pie del peque\u00f1o cono volc\u00e1nico que se<br \/>\nasocia y otro hacia el suroeste, pr\u00f3ximo a la l\u00ednea de costa. Estas \u00e1reas<br \/>\npodr\u00edan articular un espacio diferente, siempre complementaria al taller,<br \/>\nasoci\u00e1ndose a una de ellas una posible actividad relacionada con la vida<br \/>\ncotidiana y otra con actividades hali\u00e9uticas (pesca). El tiempo y el esfuerzo<br \/>\ndel trabajo arqueol\u00f3gico proporcionar\u00e1 el diagn\u00f3stico que se busca, seg\u00fan ha<br \/>\nindicado el consejero de Patrimonio Hist\u00f3rico, Rayco Le\u00f3n, en uno de los<br \/>\nlugares m\u00e1s importantes en la historia de la arqueolog\u00eda de Canarias.<\/p>\n<p>La direcci\u00f3n de los trabajos recae en el<br \/>\ndirector del Museo Arqueol\u00f3gico de Fuerteventura, Isidoro Hern\u00e1ndez, la t\u00e9cnica<br \/>\ny conservadora en Arqueolog\u00eda del Museo Arqueol\u00f3gico de Tenerife y la<br \/>\ncatedr\u00e1tica de Prehistoria, Carmen del Arco, y ha sido autorizado por la<br \/>\nDirecci\u00f3n General de Cultura y Patrimonio Cultural de Canarias. Colabora,<br \/>\nadem\u00e1s, BINTER Canarias, que sufraga los gastos del traslado del equipo y<br \/>\ntransporte de los materiales.<\/p>\n<\/div>\n","protected":false},"excerpt":{"rendered":"<p>27 octubre, 2025 Los trabajos buscan definir la extensi\u00f3n del taller de p\u00farpura, con posibles \u00e1reas asociadas a la vida cotidiana y la actividad pesquera Comienza la d\u00e9cima campa\u00f1a de [&hellip;]<\/p>\n","protected":false},"author":1,"featured_media":13001,"comment_status":"open","ping_status":"open","sticky":false,"template":"","format":"standard","meta":{"inline_featured_image":false,"jnews-multi-image_gallery":[],"jnews_single_post":[],"jnews_primary_category":[],"jnews_social_meta":[],"jnews_override_counter":[],"jnews_post_split":[],"footnotes":""},"categories":[58],"tags":[82],"class_list":["post-12999","post","type-post","status-publish","format-standard","has-post-thumbnail","hentry","category-cabildo","tag-fuerteventura"],"jetpack_featured_media_url":"https:\/\/informacionlocal.es\/wp-content\/uploads\/2025\/10\/foto-archivo.jpeg","_links":{"self":[{"href":"https:\/\/informacionlocal.es\/en\/wp-json\/wp\/v2\/posts\/12999","targetHints":{"allow":["GET"]}}],"collection":[{"href":"https:\/\/informacionlocal.es\/en\/wp-json\/wp\/v2\/posts"}],"about":[{"href":"https:\/\/informacionlocal.es\/en\/wp-json\/wp\/v2\/types\/post"}],"author":[{"embeddable":true,"href":"https:\/\/informacionlocal.es\/en\/wp-json\/wp\/v2\/users\/1"}],"replies":[{"embeddable":true,"href":"https:\/\/informacionlocal.es\/en\/wp-json\/wp\/v2\/comments?post=12999"}],"version-history":[{"count":0,"href":"https:\/\/informacionlocal.es\/en\/wp-json\/wp\/v2\/posts\/12999\/revisions"}],"wp:featuredmedia":[{"embeddable":true,"href":"https:\/\/informacionlocal.es\/en\/wp-json\/wp\/v2\/media\/13001"}],"wp:attachment":[{"href":"https:\/\/informacionlocal.es\/en\/wp-json\/wp\/v2\/media?parent=12999"}],"wp:term":[{"taxonomy":"category","embeddable":true,"href":"https:\/\/informacionlocal.es\/en\/wp-json\/wp\/v2\/categories?post=12999"},{"taxonomy":"post_tag","embeddable":true,"href":"https:\/\/informacionlocal.es\/en\/wp-json\/wp\/v2\/tags?post=12999"}],"curies":[{"name":"wp","href":"https:\/\/api.w.org\/{rel}","templated":true}]}}