{"id":12937,"date":"2025-10-24T20:58:42","date_gmt":"2025-10-24T19:58:42","guid":{"rendered":"https:\/\/informacionlocal.es\/el-ayuntamiento-entrega-una-talla-de-santa-cecilia-a-la-asociacion-de-vecinos-los-llanos-de-la-mareta\/"},"modified":"2025-10-24T20:58:42","modified_gmt":"2025-10-24T19:58:42","slug":"el-ayuntamiento-entrega-una-talla-de-santa-cecilia-a-la-asociacion-de-vecinos-los-llanos-de-la-mareta","status":"publish","type":"post","link":"https:\/\/informacionlocal.es\/en\/el-ayuntamiento-entrega-una-talla-de-santa-cecilia-a-la-asociacion-de-vecinos-los-llanos-de-la-mareta\/","title":{"rendered":"El Ayuntamiento entrega una talla de Santa Cecilia a la Asociaci\u00f3n de Vecinos Los Llanos de La Mareta"},"content":{"rendered":"<div class=\"entry-content\">\n<ul>\n<li><span><strong>La imagen, adquirida a petici\u00f3n de la Asociaci\u00f3n, ser\u00e1 utilizada en la celebraci\u00f3n de la festividad de la patrona de los m\u00fasicos<\/strong><\/span><strong>\u00a0<\/strong><\/li>\n<\/ul>\n<p><span><strong>En Puerto del Rosario, a 24 de octubre de 2025.-<\/strong> El Ayuntamiento de Puerto del Rosario ha hecho entrega a la Asociaci\u00f3n de Vecinos Los Llanos\u2013La Mareta de una talla de madera policromada de Santa Cecilia, patrona de los m\u00fasicos, que ser\u00e1 utilizada en las celebraciones que cada a\u00f1o organiza la Asociaci\u00f3n con motivo de su festividad.<\/span><\/p>\n<p><span>La adquisici\u00f3n de la imagen responde a una petici\u00f3n formal de la Asociaci\u00f3n, con el fin de contar con una figura representativa de esta celebraci\u00f3n, profundamente arraigada en el barrio y vinculada a la promoci\u00f3n de la cultura y la tradici\u00f3n musical.<\/span><\/p>\n<p><img loading=\"lazy\" decoding=\"async\" loading=\"lazy\" class=\"size-large wp-image-157404 aligncenter\" src=\"https:\/\/informacionlocal.es\/wp-content\/uploads\/2025\/10\/santa-cecilia-3-1024x768-1.jpeg\" width=\"1024\" height=\"768\" title=\"santa-cecilia-3-1024x768-1\"><\/p>\n<p><span>El acto de entrega tuvo lugar en el sal\u00f3n de plenos del Ayuntamiento, con la presencia del alcalde, David de Vera, el concejal de Cultura, Juan Manuel Verdugo, miembros del grupo de gobierno y una amplia representaci\u00f3n de los vecinos y vecinas del barrio.<\/span><\/p>\n<p><span>Durante el acto, el alcalde de Puerto del Rosario, David de Vera, destac\u00f3 que \u201cesta entrega es una muestra del trabajo conjunto entre el Ayuntamiento y las asociaciones vecinales. Nos alegra poder apoyar iniciativas que mantienen vivas nuestras tradiciones\u201d.<\/span><\/p>\n<p><img loading=\"lazy\" decoding=\"async\" loading=\"lazy\" class=\"size-large wp-image-157405 aligncenter\" src=\"https:\/\/informacionlocal.es\/wp-content\/uploads\/2025\/10\/santa-cecilia-2-1024x768-1.jpeg\" width=\"1024\" height=\"768\" title=\"santa-cecilia-2-1024x768-1\"><\/p>\n<p><span>Por su parte, el concejal de Cultura, Juan Manuel Verdugo, se\u00f1al\u00f3 que \u201cla festividad de Santa Cecilia es muy especial para Los Llanos\u2013La Mareta. Con esta talla, la Asociaci\u00f3n contar\u00e1 con un s\u00edmbolo propio para celebrar cada a\u00f1o a la patrona de los m\u00fasicos\u201d.<\/span><\/p>\n<p><span>La talla quedar\u00e1 bajo custodia de la Asociaci\u00f3n, que se compromete a conservarla en adecuadas condiciones de mantenimiento y seguridad, y a emplearla exclusivamente para los fines culturales y festivos relacionados con la festividad de Santa Cecilia. En caso de disoluci\u00f3n de la Asociaci\u00f3n o de cese de uso de la imagen con dichos fines, esta ser\u00e1 devuelta al Ayuntamiento para su nueva asignaci\u00f3n.<\/span><\/p>\n<\/div>\n","protected":false},"excerpt":{"rendered":"<p>La imagen, adquirida a petici\u00f3n de la Asociaci\u00f3n, ser\u00e1 utilizada en la celebraci\u00f3n de la festividad de la patrona de los m\u00fasicos\u00a0 En Puerto del Rosario, a 24 de octubre [&hellip;]<\/p>\n","protected":false},"author":1,"featured_media":12939,"comment_status":"open","ping_status":"open","sticky":false,"template":"","format":"standard","meta":{"inline_featured_image":false,"jnews-multi-image_gallery":[],"jnews_single_post":[],"jnews_primary_category":[],"jnews_social_meta":[],"jnews_override_counter":[],"jnews_post_split":[],"footnotes":""},"categories":[61],"tags":[],"class_list":["post-12937","post","type-post","status-publish","format-standard","has-post-thumbnail","hentry","category-puerto-del-rosario"],"jetpack_featured_media_url":"https:\/\/informacionlocal.es\/wp-content\/uploads\/2025\/10\/santa-cecilia.png","_links":{"self":[{"href":"https:\/\/informacionlocal.es\/en\/wp-json\/wp\/v2\/posts\/12937","targetHints":{"allow":["GET"]}}],"collection":[{"href":"https:\/\/informacionlocal.es\/en\/wp-json\/wp\/v2\/posts"}],"about":[{"href":"https:\/\/informacionlocal.es\/en\/wp-json\/wp\/v2\/types\/post"}],"author":[{"embeddable":true,"href":"https:\/\/informacionlocal.es\/en\/wp-json\/wp\/v2\/users\/1"}],"replies":[{"embeddable":true,"href":"https:\/\/informacionlocal.es\/en\/wp-json\/wp\/v2\/comments?post=12937"}],"version-history":[{"count":0,"href":"https:\/\/informacionlocal.es\/en\/wp-json\/wp\/v2\/posts\/12937\/revisions"}],"wp:featuredmedia":[{"embeddable":true,"href":"https:\/\/informacionlocal.es\/en\/wp-json\/wp\/v2\/media\/12939"}],"wp:attachment":[{"href":"https:\/\/informacionlocal.es\/en\/wp-json\/wp\/v2\/media?parent=12937"}],"wp:term":[{"taxonomy":"category","embeddable":true,"href":"https:\/\/informacionlocal.es\/en\/wp-json\/wp\/v2\/categories?post=12937"},{"taxonomy":"post_tag","embeddable":true,"href":"https:\/\/informacionlocal.es\/en\/wp-json\/wp\/v2\/tags?post=12937"}],"curies":[{"name":"wp","href":"https:\/\/api.w.org\/{rel}","templated":true}]}}