{"id":12919,"date":"2025-10-24T17:58:37","date_gmt":"2025-10-24T16:58:37","guid":{"rendered":"https:\/\/informacionlocal.es\/el-museo-arqueologico-de-fuerteventura-acerca-la-historia-romana-del-islote-de-lobos-a-la-ciudadania-a-traves-de-una-conferencia\/"},"modified":"2025-10-24T17:58:37","modified_gmt":"2025-10-24T16:58:37","slug":"el-museo-arqueologico-de-fuerteventura-acerca-la-historia-romana-del-islote-de-lobos-a-la-ciudadania-a-traves-de-una-conferencia","status":"publish","type":"post","link":"https:\/\/informacionlocal.es\/en\/el-museo-arqueologico-de-fuerteventura-acerca-la-historia-romana-del-islote-de-lobos-a-la-ciudadania-a-traves-de-una-conferencia\/","title":{"rendered":"El Museo Arqueol\u00f3gico de Fuerteventura acerca la historia romana del Islote de Lobos a la ciudadan\u00eda a trav\u00e9s de una conferencia"},"content":{"rendered":"<div class=\"entry-content\"><strong>24 octubre, 2025<\/strong><\/p>\n<p><strong><em>La doctora Carmina del Arco Aguilar presentar\u00e1 los resultados de<br \/>\nlas excavaciones que revelan la actividad de las poblaciones romanizadas<\/em><\/strong><\/p>\n<p>El Museo Arqueol\u00f3gico de Fuerteventura acoger\u00e1 la conferencia<br \/>\n\u2018\u00bfQu\u00e9 hacen los Romanos en el Islote de Lobos?\u2019 el pr\u00f3ximo 6 de noviembre, a<br \/>\nlas 19.30 horas, en el Centro Cultural Ra\u00edz del Pueblo, La Oliva. Ser\u00e1<br \/>\nimpartida por la doctora Carmina del Arco Aguilar, especialista en arqueolog\u00eda<br \/>\ny patrimonio hist\u00f3rico.\u00a0<\/p>\n<p>La actividad expondr\u00e1 los resultados de los trabajos arqueol\u00f3gicos<br \/>\nrealizados en el islote de Lobos desde 2012, analizando el registro<br \/>\narqueol\u00f3gico y explicando las labores desarrolladas por las poblaciones<br \/>\nromanizadas procedentes del entorno de C\u00e1diz y del Bajo Guadalquivir.<\/p>\n<p>El yacimiento Lobos I constituye una de las evidencias m\u00e1s<br \/>\nimportantes de la presencia romana en Canarias y es clave para entender el<br \/>\npoblamiento de las islas y la relevancia de Canarias como frontera meridional<br \/>\ndel Imperio Romano.\u00a0<\/p>\n<p>Los materiales encontrados y estudiados, algunos expuestos<br \/>\nactualmente en el Museo Arqueol\u00f3gico de Fuerteventura, ofrecen un registro<br \/>\n\u00fanico que sigue sorprendiendo a investigadores y visitantes por igual.<\/p>\n<p>Los trabajos en Lobos I se efect\u00faan en el marco de un Convenio<br \/>\nInterinstitucional entre el Cabildo de Fuerteventura y el Organismo Aut\u00f3nomo de<br \/>\nMuseos y Centros del Cabildo de Tenerife, con la colaboraci\u00f3n de la ULL y otras<br \/>\nentidades.<\/p>\n<\/div>\n","protected":false},"excerpt":{"rendered":"<p>24 octubre, 2025 La doctora Carmina del Arco Aguilar presentar\u00e1 los resultados de las excavaciones que revelan la actividad de las poblaciones romanizadas El Museo Arqueol\u00f3gico de Fuerteventura acoger\u00e1 la [&hellip;]<\/p>\n","protected":false},"author":1,"featured_media":12921,"comment_status":"open","ping_status":"open","sticky":false,"template":"","format":"standard","meta":{"inline_featured_image":false,"jnews-multi-image_gallery":[],"jnews_single_post":[],"jnews_primary_category":[],"jnews_social_meta":[],"jnews_override_counter":[],"jnews_post_split":[],"footnotes":""},"categories":[58],"tags":[82],"class_list":["post-12919","post","type-post","status-publish","format-standard","has-post-thumbnail","hentry","category-cabildo","tag-fuerteventura"],"jetpack_featured_media_url":"https:\/\/informacionlocal.es\/wp-content\/uploads\/2025\/10\/conferencia-lobos.jpg","_links":{"self":[{"href":"https:\/\/informacionlocal.es\/en\/wp-json\/wp\/v2\/posts\/12919","targetHints":{"allow":["GET"]}}],"collection":[{"href":"https:\/\/informacionlocal.es\/en\/wp-json\/wp\/v2\/posts"}],"about":[{"href":"https:\/\/informacionlocal.es\/en\/wp-json\/wp\/v2\/types\/post"}],"author":[{"embeddable":true,"href":"https:\/\/informacionlocal.es\/en\/wp-json\/wp\/v2\/users\/1"}],"replies":[{"embeddable":true,"href":"https:\/\/informacionlocal.es\/en\/wp-json\/wp\/v2\/comments?post=12919"}],"version-history":[{"count":0,"href":"https:\/\/informacionlocal.es\/en\/wp-json\/wp\/v2\/posts\/12919\/revisions"}],"wp:featuredmedia":[{"embeddable":true,"href":"https:\/\/informacionlocal.es\/en\/wp-json\/wp\/v2\/media\/12921"}],"wp:attachment":[{"href":"https:\/\/informacionlocal.es\/en\/wp-json\/wp\/v2\/media?parent=12919"}],"wp:term":[{"taxonomy":"category","embeddable":true,"href":"https:\/\/informacionlocal.es\/en\/wp-json\/wp\/v2\/categories?post=12919"},{"taxonomy":"post_tag","embeddable":true,"href":"https:\/\/informacionlocal.es\/en\/wp-json\/wp\/v2\/tags?post=12919"}],"curies":[{"name":"wp","href":"https:\/\/api.w.org\/{rel}","templated":true}]}}