{"id":12913,"date":"2025-10-24T16:58:40","date_gmt":"2025-10-24T15:58:40","guid":{"rendered":"https:\/\/informacionlocal.es\/el-alcalde-de-antigua-recibe-al-actual-y-principal-director-ejecutivo-del-grupo-empresarial-anjoca\/"},"modified":"2025-10-24T16:58:40","modified_gmt":"2025-10-24T15:58:40","slug":"el-alcalde-de-antigua-recibe-al-actual-y-principal-director-ejecutivo-del-grupo-empresarial-anjoca","status":"publish","type":"post","link":"https:\/\/informacionlocal.es\/en\/el-alcalde-de-antigua-recibe-al-actual-y-principal-director-ejecutivo-del-grupo-empresarial-anjoca\/","title":{"rendered":"El alcalde de Antigua recibe al actual y principal director ejecutivo del grupo empresarial Anjoca"},"content":{"rendered":"<div class=\"elementor-widget-container\">\n<p><strong>El alcalde de Antigua recibe al actual y principal director ejecutivo del grupo empresarial Anjoca<\/strong><\/p>\n<p><strong>\u2022 El alcalde agradece el encuentro y presentaci\u00f3n del consejero delegado Jos\u00e9 \u00c1lvarez Cobelas, recientemente nombrado nuevo director ejecutivo del grupo empresarial Anjoca. <\/strong><br \/><strong>\u2022 El ejecutivo presenta una disposici\u00f3n de trabajo, colaboraci\u00f3n y apuesta decidida por el desarrollo, embellecimiento y creaci\u00f3n de empleo en Caleta de Fuste.<\/strong><\/p>\n<p>El Consistorio Municipal de Antigua ha acogido el encuentro de presentaci\u00f3n del alcalde de Antigua, Mat\u00edas Pe\u00f1a Garc\u00eda y el nuevo director ejecutivo del Grupo Anjoca, Jos\u00e9 \u00c1lvarez Cobelas, quien toma las riendas de liderazgo, gesti\u00f3n y estrategia de la compa\u00f1\u00eda all\u00ed donde tiene presencia, entre otras comunidades, Galicia, Andaluc\u00eda, Baleares, Cantabria, Madrid y en Canarias, donde Caleta de Fuste es localidad principal de su desarrollo.<\/p>\n<p>El Grupo Anjoca fundado por el recientemente fallecido, D. \u00c1ngel Jove Capell\u00e1n, ha sido protagonista inversor y empresarial principal de Caleta de Fuste, confirmando su identidad como localidad tur\u00edstica principal de la isla y destino escogido por operadores de viaje nacionales e internacionales.<\/p>\n<p>Una presentaci\u00f3n en la que ha participado la delegada territorial en Canarias, Tamara S. Blasco Vela, de quien el alcalde agradece y destaca sus a\u00f1os como mediadora profesional y eficaz con la administraci\u00f3n municipal, siempre en el objetivo de resolver y aportar.<\/p>\n<p>Durante la presentaci\u00f3n, el alcalde recordaba las reuniones mantenidas con \u00c1ngel Jove, en las que ambos coincid\u00edamos siempre en la misma conclusi\u00f3n, se\u00f1ala Mat\u00edas Pe\u00f1a, \u2018la confianza se gana con el trabajo hecho y los compromisos cumplidos\u2019 y en este sentido, a\u00f1ade, me alegro del relevo en\u00e9rgico que refleja Jos\u00e9 \u00c1lvarez Cobelas, quien nos confirma mantener una apuesta decidida de inversi\u00f3n y modernizaci\u00f3n en los complejos en Caleta de Fuste.<\/p>\n<p>\u00a0<\/p>\n<\/div>\n","protected":false},"excerpt":{"rendered":"<p><strong>El alcalde de Antigua recibe al actual y principal director ejecutivo del grupo empresarial Anjoca<\/strong><\/p>\n","protected":false},"author":1,"featured_media":12915,"comment_status":"open","ping_status":"open","sticky":false,"template":"","format":"standard","meta":{"inline_featured_image":false,"jnews-multi-image_gallery":[],"jnews_single_post":[],"jnews_primary_category":[],"jnews_social_meta":[],"jnews_override_counter":[],"jnews_post_split":[],"footnotes":""},"categories":[59],"tags":[],"class_list":["post-12913","post","type-post","status-publish","format-standard","has-post-thumbnail","hentry","category-antigua"],"jetpack_featured_media_url":"https:\/\/informacionlocal.es\/wp-content\/uploads\/2025\/10\/el-alcalde-de-antigua-recibe-al-actual-y-principal-director-ejecutivo-del-grupo-empresarial-anjoca-2.jpg","_links":{"self":[{"href":"https:\/\/informacionlocal.es\/en\/wp-json\/wp\/v2\/posts\/12913","targetHints":{"allow":["GET"]}}],"collection":[{"href":"https:\/\/informacionlocal.es\/en\/wp-json\/wp\/v2\/posts"}],"about":[{"href":"https:\/\/informacionlocal.es\/en\/wp-json\/wp\/v2\/types\/post"}],"author":[{"embeddable":true,"href":"https:\/\/informacionlocal.es\/en\/wp-json\/wp\/v2\/users\/1"}],"replies":[{"embeddable":true,"href":"https:\/\/informacionlocal.es\/en\/wp-json\/wp\/v2\/comments?post=12913"}],"version-history":[{"count":0,"href":"https:\/\/informacionlocal.es\/en\/wp-json\/wp\/v2\/posts\/12913\/revisions"}],"wp:featuredmedia":[{"embeddable":true,"href":"https:\/\/informacionlocal.es\/en\/wp-json\/wp\/v2\/media\/12915"}],"wp:attachment":[{"href":"https:\/\/informacionlocal.es\/en\/wp-json\/wp\/v2\/media?parent=12913"}],"wp:term":[{"taxonomy":"category","embeddable":true,"href":"https:\/\/informacionlocal.es\/en\/wp-json\/wp\/v2\/categories?post=12913"},{"taxonomy":"post_tag","embeddable":true,"href":"https:\/\/informacionlocal.es\/en\/wp-json\/wp\/v2\/tags?post=12913"}],"curies":[{"name":"wp","href":"https:\/\/api.w.org\/{rel}","templated":true}]}}