{"id":12907,"date":"2025-10-24T15:58:39","date_gmt":"2025-10-24T14:58:39","guid":{"rendered":"https:\/\/informacionlocal.es\/el-proyecto-higia-robot-social-se-presenta-en-el-cifp-aviles\/"},"modified":"2025-10-24T15:58:39","modified_gmt":"2025-10-24T14:58:39","slug":"el-proyecto-higia-robot-social-se-presenta-en-el-cifp-aviles","status":"publish","type":"post","link":"https:\/\/informacionlocal.es\/en\/el-proyecto-higia-robot-social-se-presenta-en-el-cifp-aviles\/","title":{"rendered":"El proyecto \u2018Hig\u00eda, Robot Social\u2019 se presenta en el CIFP Avil\u00e9s"},"content":{"rendered":"<div class=\"entry-content\"><strong>24 octubre, 2025<\/strong><\/p>\n<p><strong><em>El Cabildo de Fuerteventura y el CIFP Majada Marcial participan en<br \/>\nesta iniciativa que aplica la rob\u00f3tica a la mejora de la atenci\u00f3n a personas<br \/>\nmayores y dependientes<\/em><\/strong><\/p>\n<p>El proyecto \u2018Hig\u00eda, Robot Social\u2019 ha sido presentado hoy en el<br \/>\nCIFP Avil\u00e9s (Asturias), una iniciativa pionera de rob\u00f3tica orientada a mejorar<br \/>\nla calidad de vida de las personas mayores y\/o dependientes.<\/p>\n<p>Este proyecto une a tres centros educativos de formaci\u00f3n<br \/>\nprofesional: CIFP Majada Marcial, CIFP Avil\u00e9s y CIFP Safa Tech de Valladolid, ara<br \/>\nla construcci\u00f3n de robots sociales avanzados, dise\u00f1ados por la empresa<br \/>\nOfinnova, para asistir, acompa\u00f1ar y ofrecer estimulaci\u00f3n cognitiva a personas<br \/>\nmayores o con discapacidad. <\/p>\n<p>En Fuerteventura el proyecto es liderado por el CIFP Majada<br \/>\nMarcial, contando con el apoyo del Cabildo de Fuerteventura, con la intenci\u00f3n<br \/>\nde llevarla a los centros sociosanitarios de atenci\u00f3n a la discapacidad y\/o<br \/>\npersonas mayores dependientes del Cabildo.<\/p>\n<p>Durante el acto, el consejero de Acci\u00f3n Social, V\u00edctor Alonso,<br \/>\ndestac\u00f3 la importancia de la colaboraci\u00f3n interterritorial y educativa como<br \/>\nmotor de innovaci\u00f3n tecnol\u00f3gica al servicio de las personas.\u00a0 <\/p>\n<p>Alonso expres\u00f3 su agradecimiento \u201ca todas y todos los<br \/>\nparticipantes que contribuyen con su conocimiento, experiencia y entusiasmo en<br \/>\ntorno a un tema tan relevante como es la aplicaci\u00f3n de la tecnolog\u00eda en el<br \/>\n\u00e1mbito de los servicios sociales, con una iniciativa pionera en Canarias\u201d. \u201cLa<br \/>\ntecnolog\u00eda social, cuando se dise\u00f1a con criterios de accesibilidad,<br \/>\nsostenibilidad y participaci\u00f3n, se convierte en un verdadero instrumento de<br \/>\ninclusi\u00f3n. Y ese es el camino que queremos recorrer\u201d.<\/p>\n<p>V\u00edctor Alonso explic\u00f3 que \u201cestos robots no pretenden sustituir la<br \/>\natenci\u00f3n humana, que es insustituible, sino complementarla, como aliados en la<br \/>\npromoci\u00f3n de la autonom\u00eda personal, la estimulaci\u00f3n cognitiva y la mejora de la<br \/>\ncalidad de vida\u201d. Asimismo, destac\u00f3 el impacto del proyecto en el \u00e1mbito<br \/>\neducativo, \u201cformando a nuestros j\u00f3venes en iniciativas que generan un impacto<br \/>\nreal en la sociedad\u201d.<\/p>\n<p>V\u00edctor Alonso estuvo acompa\u00f1ado por el profesor del CIFP Majada<br \/>\nMarcial, Miguel \u00c1ngel Bayarri, quienes representaron a Fuerteventura en este<br \/>\nacto. Participaron, adem\u00e1s, el director de Formaci\u00f3n Profesional del CIFP Safaa<br \/>\nTech, \u00c1lvaro Solloa, y el profesor del CIFP Avil\u00e9s y coordinador del proyecto<br \/>\nen este centro, C\u00e1ndido S\u00e1nchez, as\u00ed como Antonio Guti\u00e9rrez en representaci\u00f3n<br \/>\nde la empresa Ofinnova.<\/p>\n<p>Estuvieron presentes, asimismo, la directora del CIFP Avil\u00e9s, Susana<br \/>\nFonseca, y la consejera de Educaci\u00f3n del Principado de Asturias, Eva Ledo,<br \/>\notros representantes de la Consejer\u00eda y del Ayuntamiento de Avil\u00e9s.<\/p>\n<p><strong>Proyecto Hig\u00eda<\/strong><\/p>\n<p>Los robots del proyecto Hig\u00eda contar\u00e1n con tecnolog\u00eda de<br \/>\ninteracci\u00f3n natural, capaz de reconocer rostros, responder a comandos de voz y<br \/>\nmantener conversaciones.<\/p>\n<p>El alumnado del CIFP Majada Marcial asume el dise\u00f1o mec\u00e1nico,<br \/>\nensamblaje y calibraci\u00f3n, mientras que los centros de Valladolid y Avil\u00e9s se<br \/>\nencargan del software, la interfaz gr\u00e1fica y la integraci\u00f3n electr\u00f3nica.<\/p>\n<p>\nEl proyecto cuenta con una inversi\u00f3n de 120.000 euros, financiada por el<br \/>\nMinisterio de Educaci\u00f3n, Formaci\u00f3n Profesional y Deportes con fondos<br \/>\nNextGenerationEU, en el marco del Plan de Recuperaci\u00f3n, Transformaci\u00f3n y<br \/>\nResiliencia. Recibe, adem\u00e1s, apoyo econ\u00f3mico del Cabildo de Fuerteventura,<br \/>\npermitiendo al CIFP Majada Marcial adquirir parte del equipamiento necesario.<\/p>\n<\/div>\n","protected":false},"excerpt":{"rendered":"<p>24 octubre, 2025 El Cabildo de Fuerteventura y el CIFP Majada Marcial participan en esta iniciativa que aplica la rob\u00f3tica a la mejora de la atenci\u00f3n a personas mayores y [&hellip;]<\/p>\n","protected":false},"author":1,"featured_media":12909,"comment_status":"open","ping_status":"open","sticky":false,"template":"","format":"standard","meta":{"inline_featured_image":false,"jnews-multi-image_gallery":[],"jnews_single_post":[],"jnews_primary_category":[],"jnews_social_meta":[],"jnews_override_counter":[],"jnews_post_split":[],"footnotes":""},"categories":[58],"tags":[73,82,407,72],"class_list":["post-12907","post","type-post","status-publish","format-standard","has-post-thumbnail","hentry","category-cabildo","tag-educacion","tag-fuerteventura","tag-innovacion-tecnologica","tag-integracion"],"jetpack_featured_media_url":"https:\/\/informacionlocal.es\/wp-content\/uploads\/2025\/10\/cifp-avilc3a9s.jpeg","_links":{"self":[{"href":"https:\/\/informacionlocal.es\/en\/wp-json\/wp\/v2\/posts\/12907","targetHints":{"allow":["GET"]}}],"collection":[{"href":"https:\/\/informacionlocal.es\/en\/wp-json\/wp\/v2\/posts"}],"about":[{"href":"https:\/\/informacionlocal.es\/en\/wp-json\/wp\/v2\/types\/post"}],"author":[{"embeddable":true,"href":"https:\/\/informacionlocal.es\/en\/wp-json\/wp\/v2\/users\/1"}],"replies":[{"embeddable":true,"href":"https:\/\/informacionlocal.es\/en\/wp-json\/wp\/v2\/comments?post=12907"}],"version-history":[{"count":0,"href":"https:\/\/informacionlocal.es\/en\/wp-json\/wp\/v2\/posts\/12907\/revisions"}],"wp:featuredmedia":[{"embeddable":true,"href":"https:\/\/informacionlocal.es\/en\/wp-json\/wp\/v2\/media\/12909"}],"wp:attachment":[{"href":"https:\/\/informacionlocal.es\/en\/wp-json\/wp\/v2\/media?parent=12907"}],"wp:term":[{"taxonomy":"category","embeddable":true,"href":"https:\/\/informacionlocal.es\/en\/wp-json\/wp\/v2\/categories?post=12907"},{"taxonomy":"post_tag","embeddable":true,"href":"https:\/\/informacionlocal.es\/en\/wp-json\/wp\/v2\/tags?post=12907"}],"curies":[{"name":"wp","href":"https:\/\/api.w.org\/{rel}","templated":true}]}}