{"id":12853,"date":"2025-10-23T21:59:31","date_gmt":"2025-10-23T20:59:31","guid":{"rendered":"https:\/\/informacionlocal.es\/antigua-celebra-este-sabado-su-carrera-mas-popular-la-ix-milla-noche-en-blanco\/"},"modified":"2025-10-23T21:59:31","modified_gmt":"2025-10-23T20:59:31","slug":"antigua-celebra-este-sabado-su-carrera-mas-popular-la-ix-milla-noche-en-blanco","status":"publish","type":"post","link":"https:\/\/informacionlocal.es\/en\/antigua-celebra-este-sabado-su-carrera-mas-popular-la-ix-milla-noche-en-blanco\/","title":{"rendered":"Antigua celebra este s\u00e1bado su carrera m\u00e1s popular la IX Milla Noche en Blanco"},"content":{"rendered":"<div class=\"elementor-widget-container\">\n<p><strong>Antigua celebra este s\u00e1bado su carrera m\u00e1s popular la IX Milla Noche en Blanco<\/strong><\/p>\n<p><strong>\u2022 Este s\u00e1bado 25 con primera salida a las 17:30 horas junto a la Plaza de Antigua. <\/strong><br \/><strong>\u2022 Distancias de Milla Urbana, media milla, incluso 1\/8 de milla para los prebenjamines.<\/strong><br \/><strong>\u2022 Inscripciones gratuitas en la web www.atletismomajorero.es o una hora antes de la primera carrera. <\/strong><br \/><strong>\u2022 Organiza Ayuntamiento de Antigua desde la concejal\u00eda de Deportes, siempre con la colaboraci\u00f3n de la Federaci\u00f3n Insular de Atletismo en Fuerteventura.<\/strong><\/p>\n<p>Uno de los momentos deportivos m\u00e1s esperados del a\u00f1o es la carrera popular de la Milla Urbana Noche en Blanco que ya cumple nueve ediciones, ofreciendo una carrera para atletas federados como para deportistas que gustan de correr estas pruebas en un entorno festivo, con numerosa afici\u00f3n animando y numerosas actividades a disfrutar en el marco de la Noche en Blanco que se celebra la misma noche en la Plaza de Antigua, afirma el alcalde, Mat\u00edas Pe\u00f1a Garc\u00eda.<\/p>\n<p>El concejal de Deportes, Samuel Torres Mesa, anima a la inscripci\u00f3n de deportistas del municipio y la isla, disfrutando de un ambiente deportivo muy familiar, en el que prima disfrutar, en el que todos los participantes obtienen medalla, y los veloces compiten por el trofeo a las tres primeras posiciones.<\/p>\n<p>La Milla Noche en Blanco se disputa en las calles del n\u00facleo urbano con salida junto a la plaza de Antigua, ofreciendo la distancia reina de medio fondo, los 1.609 metros. Las inscripciones son gratuitas y pueden realizarse en la web de la Federaci\u00f3n Insular de Atletismo en Fuerteventura o hasta una hora antes que de comienzo la carrera este s\u00e1bado 25 de octubre.<\/p>\n<\/div>\n","protected":false},"excerpt":{"rendered":"<p><strong>Antigua celebra este s\u00e1bado su carrera m\u00e1s popular la IX Milla Noche en Blanco<\/strong><\/p>\n","protected":false},"author":1,"featured_media":12855,"comment_status":"open","ping_status":"open","sticky":false,"template":"","format":"standard","meta":{"inline_featured_image":false,"jnews-multi-image_gallery":[],"jnews_single_post":[],"jnews_primary_category":[],"jnews_social_meta":[],"jnews_override_counter":[],"jnews_post_split":[],"footnotes":""},"categories":[59],"tags":[82],"class_list":["post-12853","post","type-post","status-publish","format-standard","has-post-thumbnail","hentry","category-antigua","tag-fuerteventura"],"jetpack_featured_media_url":"https:\/\/informacionlocal.es\/wp-content\/uploads\/2025\/10\/carrera-pdf-scaled-1.jpg","_links":{"self":[{"href":"https:\/\/informacionlocal.es\/en\/wp-json\/wp\/v2\/posts\/12853","targetHints":{"allow":["GET"]}}],"collection":[{"href":"https:\/\/informacionlocal.es\/en\/wp-json\/wp\/v2\/posts"}],"about":[{"href":"https:\/\/informacionlocal.es\/en\/wp-json\/wp\/v2\/types\/post"}],"author":[{"embeddable":true,"href":"https:\/\/informacionlocal.es\/en\/wp-json\/wp\/v2\/users\/1"}],"replies":[{"embeddable":true,"href":"https:\/\/informacionlocal.es\/en\/wp-json\/wp\/v2\/comments?post=12853"}],"version-history":[{"count":0,"href":"https:\/\/informacionlocal.es\/en\/wp-json\/wp\/v2\/posts\/12853\/revisions"}],"wp:featuredmedia":[{"embeddable":true,"href":"https:\/\/informacionlocal.es\/en\/wp-json\/wp\/v2\/media\/12855"}],"wp:attachment":[{"href":"https:\/\/informacionlocal.es\/en\/wp-json\/wp\/v2\/media?parent=12853"}],"wp:term":[{"taxonomy":"category","embeddable":true,"href":"https:\/\/informacionlocal.es\/en\/wp-json\/wp\/v2\/categories?post=12853"},{"taxonomy":"post_tag","embeddable":true,"href":"https:\/\/informacionlocal.es\/en\/wp-json\/wp\/v2\/tags?post=12853"}],"curies":[{"name":"wp","href":"https:\/\/api.w.org\/{rel}","templated":true}]}}