{"id":12811,"date":"2025-10-23T16:58:39","date_gmt":"2025-10-23T15:58:39","guid":{"rendered":"https:\/\/informacionlocal.es\/totem-dojo-promueve-el-talento-majorero-con-el-proyecto-maxobox\/"},"modified":"2025-10-23T16:58:39","modified_gmt":"2025-10-23T15:58:39","slug":"totem-dojo-promueve-el-talento-majorero-con-el-proyecto-maxobox","status":"publish","type":"post","link":"https:\/\/informacionlocal.es\/en\/totem-dojo-promueve-el-talento-majorero-con-el-proyecto-maxobox\/","title":{"rendered":"Totem Dojo promueve el talento majorero con el proyecto MAXOBOX"},"content":{"rendered":"<div class=\"entry-content\"><strong>23 octubre, 2025<\/strong><\/p>\n<p><em><strong>Boxeadoras y boxeadores majoreros, regionales, nacionales e internacionales participar\u00e1n este s\u00e1bado, 25 de octubre, en el primer evento que se desarrollar\u00e1 en Puerto del Rosario<\/strong><\/em><\/p>\n<p>Totem Dojo presenta la primera edici\u00f3n de MAXOBOX, una l\u00ednea de eventos creada con el prop\u00f3sito de promover los talentos majoreros y reunir a los boxeadores del resto de las islas en Fuerteventura para el desarrollo y crecimiento de este deporte. Esta iniciativa forma parte del programa de Ayuda al Deporte Insular (ADI) de la Consejer\u00eda de Deportes del Cabildo de Fuerteventura.<\/p>\n<p>Durante la presentaci\u00f3n de la iniciativa, estuvieron presentes el presidente del club, Danilo Lorenzo, el alcalde de Puerto del Rosario, David de Vera, y el consejero de Deportes del Cabildo de Fuerteventura, Luis Gonz\u00e1lez.<\/p>\n<p>El primer encuentro tendr\u00e1 lugar el s\u00e1bado, 25 de octubre, a las 18.30, en el terrero de lucha de Puerto del Rosario, gracias a la colaboraci\u00f3n del Ayuntamiento de Puerto del Rosario, con boxeadores locales, nacionales e internacionales.<\/p>\n<p>Bajo el lema \u2018Canarias boxea en Fuerteventura\u2019, este proyecto persigue convertir la isla majorera en un reclamo para este deporte. El presidente de Totem Dojo explic\u00f3 que \u201cel objetivo es reunir a los talentos majoreros, as\u00ed como lo mejor del boxeo en Canarias. De esta manera, los boxeadores y boxeadoras locales podr\u00e1n desarrollar aqu\u00ed su deporte, al tiempo que se llega a las nuevas generaciones\u201d.<\/p>\n<p>\u201cEn este primer encuentro, tendremos verdaderos talentos canarios como los locales Aurora Barrab\u00ed, dos veces campeona del mundo, o Alejandro Le\u00f3n que ha sido campe\u00f3n del Open Villa Mar\u00edn de este a\u00f1o, boxeadores a nivel nacional, as\u00ed como un combate profesional con rivales internacionales\u201d, apunt\u00f3 Lorenzo.<\/p>\n<p>El alcalde David de Vera agradeci\u00f3 el esfuerzo del Totem Dojo por traer una velada que pone en valor a los y las deportistas de Fuerteventura, y destac\u00f3 la importancia de que las administraciones apoyen las diferentes disciplinas deportivas.<\/p>\n<p>Seg\u00fan el consejero de Deportes, Luis Gonz\u00e1lez, \u201ceste proyecto supone una oportunidad para promocionar los talentos majoreros y majoreras, reuniendo lo mejor del boxeo de Fuerteventura y Canarias. Podremos disfrutar de boxeo de calidad y apoyar a nuestros y nuestras deportistas\u201d.\u00a0<\/p>\n<\/div>\n","protected":false},"excerpt":{"rendered":"<p>23 octubre, 2025 Boxeadoras y boxeadores majoreros, regionales, nacionales e internacionales participar\u00e1n este s\u00e1bado, 25 de octubre, en el primer evento que se desarrollar\u00e1 en Puerto del Rosario Totem Dojo [&hellip;]<\/p>\n","protected":false},"author":1,"featured_media":12813,"comment_status":"open","ping_status":"open","sticky":false,"template":"","format":"standard","meta":{"inline_featured_image":false,"jnews-multi-image_gallery":[],"jnews_single_post":[],"jnews_primary_category":[],"jnews_social_meta":[],"jnews_override_counter":[],"jnews_post_split":[],"footnotes":""},"categories":[58],"tags":[69,82],"class_list":["post-12811","post","type-post","status-publish","format-standard","has-post-thumbnail","hentry","category-cabildo","tag-eventos","tag-fuerteventura"],"jetpack_featured_media_url":"https:\/\/informacionlocal.es\/wp-content\/uploads\/2025\/10\/1761222039-bee91e9a57f3073c93a884ae232120ed.jpg","_links":{"self":[{"href":"https:\/\/informacionlocal.es\/en\/wp-json\/wp\/v2\/posts\/12811","targetHints":{"allow":["GET"]}}],"collection":[{"href":"https:\/\/informacionlocal.es\/en\/wp-json\/wp\/v2\/posts"}],"about":[{"href":"https:\/\/informacionlocal.es\/en\/wp-json\/wp\/v2\/types\/post"}],"author":[{"embeddable":true,"href":"https:\/\/informacionlocal.es\/en\/wp-json\/wp\/v2\/users\/1"}],"replies":[{"embeddable":true,"href":"https:\/\/informacionlocal.es\/en\/wp-json\/wp\/v2\/comments?post=12811"}],"version-history":[{"count":0,"href":"https:\/\/informacionlocal.es\/en\/wp-json\/wp\/v2\/posts\/12811\/revisions"}],"wp:featuredmedia":[{"embeddable":true,"href":"https:\/\/informacionlocal.es\/en\/wp-json\/wp\/v2\/media\/12813"}],"wp:attachment":[{"href":"https:\/\/informacionlocal.es\/en\/wp-json\/wp\/v2\/media?parent=12811"}],"wp:term":[{"taxonomy":"category","embeddable":true,"href":"https:\/\/informacionlocal.es\/en\/wp-json\/wp\/v2\/categories?post=12811"},{"taxonomy":"post_tag","embeddable":true,"href":"https:\/\/informacionlocal.es\/en\/wp-json\/wp\/v2\/tags?post=12811"}],"curies":[{"name":"wp","href":"https:\/\/api.w.org\/{rel}","templated":true}]}}