{"id":12775,"date":"2025-10-23T10:58:56","date_gmt":"2025-10-23T09:58:56","guid":{"rendered":"https:\/\/informacionlocal.es\/las-obras-de-la-planta-de-clasificacion-y-compostaje-de-zurita-se-retoman-tras-anos-de-retraso\/"},"modified":"2025-10-23T10:58:56","modified_gmt":"2025-10-23T09:58:56","slug":"las-obras-de-la-planta-de-clasificacion-y-compostaje-de-zurita-se-retoman-tras-anos-de-retraso","status":"publish","type":"post","link":"https:\/\/informacionlocal.es\/en\/las-obras-de-la-planta-de-clasificacion-y-compostaje-de-zurita-se-retoman-tras-anos-de-retraso\/","title":{"rendered":"Las obras de la planta de clasificaci\u00f3n y compostaje de Zurita se retoman tras a\u00f1os de retraso"},"content":{"rendered":"<div class=\"entry-content\"><strong>23 octubre, 2025<\/strong><\/p>\n<p><em><strong>Los trabajos, dependientes del Gobierno de Canarias, se retoman tras la formalizaci\u00f3n de su encargo a la empresa Tragsa<\/strong><\/em><\/p>\n<p>La presidenta del Cabildo de Fuerteventura, Lola Garc\u00eda, celebra que las obras de la planta de clasificaci\u00f3n y compostaje del Complejo Ambiental de Zurita vayan por fin a iniciarse, una vez formalizado el encargo a Tragsa por parte de la comunidad aut\u00f3noma.<\/p>\n<p>Este encargo ha sido formalizado hoy, 23 de octubre, \u201cpor lo que podr\u00e1n retomarse unas obras que dependen de la Consejer\u00eda de Transici\u00f3n Ecol\u00f3gica del Gobierno de Canarias, y que estaban paralizadas. Unas instalaciones que son indispensables para la modernizaci\u00f3n de Zurita y la mejora del tratamiento de los residuos en Fuerteventura\u201d, explica la presidenta insular.<\/p>\n<p>En una reciente reuni\u00f3n mantenida en Fuerteventura, Lola Garc\u00eda arranc\u00f3 el compromiso del presidente del Gobierno de Canarias, Fernando Clavijo, quien traslad\u00f3 que este encargo no se demorar\u00eda m\u00e1s all\u00e1 de este mes de octubre. Un compromiso que ha sido cumplido, permitiendo continuar con la segunda fase de las obras. Asimismo, la presidenta insular valora positivamente que, a pesar del retraso, la Consejer\u00eda de Transici\u00f3n Ecol\u00f3gica del Gobierno de Canarias, que dirige Mariano Hern\u00e1ndez Zapata, haya formalizado, por fin, el acuerdo para retomar los trabajos.<\/p>\n<p>El consejero de Residuos, Enrique P\u00e9rez, recuerda que \u201cdesde la Corporaci\u00f3n insular reiteramos, en numerosas ocasiones, a la Consejer\u00eda de Transici\u00f3n Ecol\u00f3gica del ejecutivo auton\u00f3mico la importancia de proseguir unas obras que van a permitir incrementar el porcentaje de residuos que se reciclan en Fuerteventura\u201d. De esta manera, la gesti\u00f3n de residuos se adapta a la normativa y cumplir\u00e1 con los objetivos marcados desde el Plan Insular de Residuos.<\/p>\n<p>Seg\u00fan Enrique P\u00e9rez, \u201cesta nueva planta va a permitir separar los residuos que actualmente van a celda en un 20-30%, lo que sumado a una cada vez mayor concienciaci\u00f3n, evitar\u00e1 verter el 50% de los residuos que van al vertedero\u201d.<\/p>\n<\/div>\n","protected":false},"excerpt":{"rendered":"<p>23 octubre, 2025 Los trabajos, dependientes del Gobierno de Canarias, se retoman tras la formalizaci\u00f3n de su encargo a la empresa Tragsa La presidenta del Cabildo de Fuerteventura, Lola Garc\u00eda, [&hellip;]<\/p>\n","protected":false},"author":1,"featured_media":12777,"comment_status":"open","ping_status":"open","sticky":false,"template":"","format":"standard","meta":{"inline_featured_image":false,"jnews-multi-image_gallery":[],"jnews_single_post":[],"jnews_primary_category":[],"jnews_social_meta":[],"jnews_override_counter":[],"jnews_post_split":[],"footnotes":""},"categories":[58],"tags":[82],"class_list":["post-12775","post","type-post","status-publish","format-standard","has-post-thumbnail","hentry","category-cabildo","tag-fuerteventura"],"jetpack_featured_media_url":"https:\/\/informacionlocal.es\/wp-content\/uploads\/2025\/10\/1761208450-7465a50f6c8c251933607c41c37f507c.jpg","_links":{"self":[{"href":"https:\/\/informacionlocal.es\/en\/wp-json\/wp\/v2\/posts\/12775","targetHints":{"allow":["GET"]}}],"collection":[{"href":"https:\/\/informacionlocal.es\/en\/wp-json\/wp\/v2\/posts"}],"about":[{"href":"https:\/\/informacionlocal.es\/en\/wp-json\/wp\/v2\/types\/post"}],"author":[{"embeddable":true,"href":"https:\/\/informacionlocal.es\/en\/wp-json\/wp\/v2\/users\/1"}],"replies":[{"embeddable":true,"href":"https:\/\/informacionlocal.es\/en\/wp-json\/wp\/v2\/comments?post=12775"}],"version-history":[{"count":0,"href":"https:\/\/informacionlocal.es\/en\/wp-json\/wp\/v2\/posts\/12775\/revisions"}],"wp:featuredmedia":[{"embeddable":true,"href":"https:\/\/informacionlocal.es\/en\/wp-json\/wp\/v2\/media\/12777"}],"wp:attachment":[{"href":"https:\/\/informacionlocal.es\/en\/wp-json\/wp\/v2\/media?parent=12775"}],"wp:term":[{"taxonomy":"category","embeddable":true,"href":"https:\/\/informacionlocal.es\/en\/wp-json\/wp\/v2\/categories?post=12775"},{"taxonomy":"post_tag","embeddable":true,"href":"https:\/\/informacionlocal.es\/en\/wp-json\/wp\/v2\/tags?post=12775"}],"curies":[{"name":"wp","href":"https:\/\/api.w.org\/{rel}","templated":true}]}}