{"id":12713,"date":"2025-10-22T13:59:01","date_gmt":"2025-10-22T12:59:01","guid":{"rendered":"https:\/\/informacionlocal.es\/antigua-celebra-el-dia-internacional-de-la-biblioteca-con-candil-de-cuentos\/"},"modified":"2025-10-22T13:59:01","modified_gmt":"2025-10-22T12:59:01","slug":"antigua-celebra-el-dia-internacional-de-la-biblioteca-con-candil-de-cuentos","status":"publish","type":"post","link":"https:\/\/informacionlocal.es\/en\/antigua-celebra-el-dia-internacional-de-la-biblioteca-con-candil-de-cuentos\/","title":{"rendered":"Antigua celebra el D\u00eda Internacional de la Biblioteca con Candil de Cuentos"},"content":{"rendered":"<div class=\"elementor-widget-container\">\n<p><strong>Antigua celebra el D\u00eda Internacional de la Biblioteca con Candil de Cuentos<\/strong><\/p>\n<p><strong>\u2022 Este viernes a las 19:30 horas desde Gran Canaria llega el narrador Antonio L\u00f3pez con su espect\u00e1culo, Cuentos de la vida misma. <\/strong><br \/><strong>\u2022 Cada viernes, en las tardes de octubre, el patio de la Biblioteca El Port\u00f3n en Antigua, acoge Candil de Cuentos, una programaci\u00f3n con los mejores narradores orales de historias reales e imaginadas para adultos. <\/strong><br \/><strong>\u2022 Candil de Cuentos es gratuito, aunque por limitaci\u00f3n del aforo es necesario reservar plaza llamando al 928549663 o dirigirse al email biblioteca@ayto-antigua.es<\/strong><\/p>\n<div class=\"wp-video\"><video class=\"wp-video-shortcode\" id=\"video-9392-1\" width=\"480\" height=\"208\" preload=\"metadata\" controls=\"controls\"><source type=\"video\/mp4\" src=\"https:\/\/ayto-antigua.es\/wp-content\/uploads\/2025\/10\/Candil-de-Cuentos-Antigua-Antonio-Lopez.mp4?_=1\" \/><\/video><\/div>\n<p>Este viernes, Antigua celebra el D\u00eda Internacional de la Biblioteca con una nueva sesi\u00f3n de Candil de Cuentos, en esta ocasi\u00f3n de la mano del conocido narrador de Gran Canaria, Antonio L\u00f3pez, y su espect\u00e1culo Cuentos de la vida misma.<\/p>\n<p>En el Ayuntamiento de Antigua desde la concejal\u00eda de Cultura, principalmente, trabajamos en fomentar los servicios y usos de la Biblioteca Municipal, al igual que los centros culturales, en espacios abiertos a la participaci\u00f3n, a la organizaci\u00f3n de talleres, en el objetivo de que sean el centro de programas creativos como es Candil de Cuentos, dirigido a adultos, y que re\u00fane en el patio El Port\u00f3n, a cerca de 50 personas cada viernes por la tarde, se\u00f1ala el alcalde, Mat\u00edas Pe\u00f1a Garc\u00eda.<\/p>\n<p>El concejal de Cultura, Jonathan Pe\u00f1a, destaca la direcci\u00f3n art\u00edstica ofrecida por Gema Gutierrez Escobar, impulsora de esta iniciativa y que en esta quinta edici\u00f3n Candil de Cuentos, nos ofrece tambi\u00e9n los jueves por la tarde el taller creativo y formativo, Donde habitan las historias, logrando que nuestras palabras, voces y gestos puedan transmitir historias, cuentos y pura imaginaci\u00f3n.<\/p>\n<p>El concejal en el marco de la celebraci\u00f3n del D\u00eda Internacional de la Biblioteca, destaca el trabajo desarrollado por el equipo t\u00e9cnico del \u00e1rea, pero especialmente, agradece la labor desarrollada por la compa\u00f1era Celia en la Biblioteca de Antigua y a cada una de las dinamizadoras socioculturales en los siete centros culturales que mantenemos en funcionamiento en diferentes localidades del Municipio.<\/p>\n<p>\u00a0<\/p>\n<\/div>\n","protected":false},"excerpt":{"rendered":"<p><strong>Antigua celebra el D\u00eda Internacional de la Biblioteca con Candil de Cuentos<\/strong><\/p>\n","protected":false},"author":1,"featured_media":12715,"comment_status":"open","ping_status":"open","sticky":false,"template":"","format":"standard","meta":{"inline_featured_image":false,"jnews-multi-image_gallery":[],"jnews_single_post":[],"jnews_primary_category":[],"jnews_social_meta":[],"jnews_override_counter":[],"jnews_post_split":[],"footnotes":""},"categories":[59],"tags":[],"class_list":["post-12713","post","type-post","status-publish","format-standard","has-post-thumbnail","hentry","category-antigua"],"jetpack_featured_media_url":"https:\/\/informacionlocal.es\/wp-content\/uploads\/2025\/10\/post-cartel-04-scaled-1.jpg","_links":{"self":[{"href":"https:\/\/informacionlocal.es\/en\/wp-json\/wp\/v2\/posts\/12713","targetHints":{"allow":["GET"]}}],"collection":[{"href":"https:\/\/informacionlocal.es\/en\/wp-json\/wp\/v2\/posts"}],"about":[{"href":"https:\/\/informacionlocal.es\/en\/wp-json\/wp\/v2\/types\/post"}],"author":[{"embeddable":true,"href":"https:\/\/informacionlocal.es\/en\/wp-json\/wp\/v2\/users\/1"}],"replies":[{"embeddable":true,"href":"https:\/\/informacionlocal.es\/en\/wp-json\/wp\/v2\/comments?post=12713"}],"version-history":[{"count":0,"href":"https:\/\/informacionlocal.es\/en\/wp-json\/wp\/v2\/posts\/12713\/revisions"}],"wp:featuredmedia":[{"embeddable":true,"href":"https:\/\/informacionlocal.es\/en\/wp-json\/wp\/v2\/media\/12715"}],"wp:attachment":[{"href":"https:\/\/informacionlocal.es\/en\/wp-json\/wp\/v2\/media?parent=12713"}],"wp:term":[{"taxonomy":"category","embeddable":true,"href":"https:\/\/informacionlocal.es\/en\/wp-json\/wp\/v2\/categories?post=12713"},{"taxonomy":"post_tag","embeddable":true,"href":"https:\/\/informacionlocal.es\/en\/wp-json\/wp\/v2\/tags?post=12713"}],"curies":[{"name":"wp","href":"https:\/\/api.w.org\/{rel}","templated":true}]}}