{"id":12593,"date":"2025-10-20T13:59:00","date_gmt":"2025-10-20T12:59:00","guid":{"rendered":"https:\/\/informacionlocal.es\/el-cabildo-de-fuerteventura-imparte-un-taller-de-iniciacion-a-la-transformacion-de-la-lana\/"},"modified":"2025-10-20T13:59:00","modified_gmt":"2025-10-20T12:59:00","slug":"el-cabildo-de-fuerteventura-imparte-un-taller-de-iniciacion-a-la-transformacion-de-la-lana","status":"publish","type":"post","link":"https:\/\/informacionlocal.es\/en\/el-cabildo-de-fuerteventura-imparte-un-taller-de-iniciacion-a-la-transformacion-de-la-lana\/","title":{"rendered":"El Cabildo de Fuerteventura imparte un taller de iniciaci\u00f3n a la transformaci\u00f3n de la lana"},"content":{"rendered":"<div class=\"entry-content\"><strong>20 octubre, 2025<\/strong><\/p>\n<p><em><strong>La iniciativa forma parte del programa EnRedArte para el fomento de la artesan\u00eda en todo el territorio insular<\/strong><\/em><\/p>\n<p>El Cabildo de Fuerteventura, a trav\u00e9s de la Consejer\u00eda de Artesan\u00eda que dirige Lolina Negr\u00edn, impulsa la recuperaci\u00f3n y transmisi\u00f3n de la artesan\u00eda con la celebraci\u00f3n del \u201cTaller de Iniciaci\u00f3n a la transformaci\u00f3n de la lana\u201d, que se desarrollar\u00e1 los d\u00edas lunes 27, martes 28 y mi\u00e9rcoles 29 de octubre en el Centro Cultural de Valle de Santa In\u00e9s.<\/p>\n<p>El taller se desarrollar\u00e1 en el marco de las Jornadas de Agroecolog\u00eda \u201cArrimando el Hombro\u201d, proyecto subvencionado por GDR Maxorata, a trav\u00e9s de la estrategia de desarrollo local participativa Leader para la isla de Fuerteventura dentro del plan estrat\u00e9gico de la pol\u00edtica agraria comunitaria 2023-2027 y que ha contado con la colaboraci\u00f3n del Cabildo de Fuerteventura, Ayuntamiento de Betancuria, Fundaci\u00f3n Chequipa, Compost Majorero y las Asociaciones Limpiaventura y Erdenwert .<\/p>\n<p>El taller de iniciaci\u00f3n a la transformaci\u00f3n de la lana, enmarcado en el programa EnRedarte, ser\u00e1 impartido por la artesana Beatriz Ballester Mor\u00f3n, especialista en hilado de lana y fieltro, reconocida por su labor en la preservaci\u00f3n de t\u00e9cnicas artesanas tradicionales.<\/p>\n<p>El hilado de lana forma parte de las manifestaciones culturales m\u00e1s arraigadas en Fuerteventura. Este oficio, que durante siglos ha sido fundamental para la elaboraci\u00f3n de piezas textiles en la sociedad majorera, constituye un valioso patrimonio inmaterial que hoy requiere iniciativas activas para su preservaci\u00f3n. A trav\u00e9s de este taller se pretende fomentar el conocimiento de las t\u00e9cnicas tradicionales, adem\u00e1s de promover la incorporaci\u00f3n de nuevas generaciones al sector artesanal.<\/p>\n<p>Con este tipo de actividades, la Consejer\u00eda de Artesan\u00eda refuerza su compromiso con la divulgaci\u00f3n y revitalizaci\u00f3n de los oficios tradicionales, como actividad econ\u00f3mica y elemento clave en la identidad cultural de la isla.<\/p>\n<p>Las personas interesadas en participar en este taller de iniciaci\u00f3n a la transformaci\u00f3n de la lana pueden inscribirse a trav\u00e9s del sitio web\u00a0www.cabildofuer.es\u00a0(https:\/\/www.cabildofuer.es\/cabildo\/agenda\/46805\/)<\/p>\n<\/div>\n","protected":false},"excerpt":{"rendered":"<p>20 octubre, 2025 La iniciativa forma parte del programa EnRedArte para el fomento de la artesan\u00eda en todo el territorio insular El Cabildo de Fuerteventura, a trav\u00e9s de la Consejer\u00eda [&hellip;]<\/p>\n","protected":false},"author":1,"featured_media":12595,"comment_status":"open","ping_status":"open","sticky":false,"template":"","format":"standard","meta":{"inline_featured_image":false,"jnews-multi-image_gallery":[],"jnews_single_post":[],"jnews_primary_category":[],"jnews_social_meta":[],"jnews_override_counter":[],"jnews_post_split":[],"footnotes":""},"categories":[58],"tags":[82],"class_list":["post-12593","post","type-post","status-publish","format-standard","has-post-thumbnail","hentry","category-cabildo","tag-fuerteventura"],"jetpack_featured_media_url":"https:\/\/informacionlocal.es\/wp-content\/uploads\/2025\/10\/cartel-taller-de-lana-final-1_page-0001.jpg","_links":{"self":[{"href":"https:\/\/informacionlocal.es\/en\/wp-json\/wp\/v2\/posts\/12593","targetHints":{"allow":["GET"]}}],"collection":[{"href":"https:\/\/informacionlocal.es\/en\/wp-json\/wp\/v2\/posts"}],"about":[{"href":"https:\/\/informacionlocal.es\/en\/wp-json\/wp\/v2\/types\/post"}],"author":[{"embeddable":true,"href":"https:\/\/informacionlocal.es\/en\/wp-json\/wp\/v2\/users\/1"}],"replies":[{"embeddable":true,"href":"https:\/\/informacionlocal.es\/en\/wp-json\/wp\/v2\/comments?post=12593"}],"version-history":[{"count":0,"href":"https:\/\/informacionlocal.es\/en\/wp-json\/wp\/v2\/posts\/12593\/revisions"}],"wp:featuredmedia":[{"embeddable":true,"href":"https:\/\/informacionlocal.es\/en\/wp-json\/wp\/v2\/media\/12595"}],"wp:attachment":[{"href":"https:\/\/informacionlocal.es\/en\/wp-json\/wp\/v2\/media?parent=12593"}],"wp:term":[{"taxonomy":"category","embeddable":true,"href":"https:\/\/informacionlocal.es\/en\/wp-json\/wp\/v2\/categories?post=12593"},{"taxonomy":"post_tag","embeddable":true,"href":"https:\/\/informacionlocal.es\/en\/wp-json\/wp\/v2\/tags?post=12593"}],"curies":[{"name":"wp","href":"https:\/\/api.w.org\/{rel}","templated":true}]}}