{"id":12575,"date":"2025-10-20T09:59:44","date_gmt":"2025-10-20T08:59:44","guid":{"rendered":"https:\/\/informacionlocal.es\/convocatoria-publica-para-la-concesion-de-subvenciones-en-regimen-de-concurrencia-competitiva-para-el-presente-ano-destinadas-a-las-asociaciones\/"},"modified":"2025-10-20T09:59:44","modified_gmt":"2025-10-20T08:59:44","slug":"convocatoria-publica-para-la-concesion-de-subvenciones-en-regimen-de-concurrencia-competitiva-para-el-presente-ano-destinadas-a-las-asociaciones","status":"publish","type":"post","link":"https:\/\/informacionlocal.es\/en\/convocatoria-publica-para-la-concesion-de-subvenciones-en-regimen-de-concurrencia-competitiva-para-el-presente-ano-destinadas-a-las-asociaciones\/","title":{"rendered":"Convocatoria p\u00fablica para la concesi\u00f3n de subvenciones en r\u00e9gimen de concurrencia competitiva para el presente a\u00f1o, destinadas a las asociaciones &#8230;"},"content":{"rendered":"<div class=\"entry-content\">\n<p>Convocatoria  p\u00fablica para la concesi\u00f3n de subvenciones  en r\u00e9gimen de concurrencia competitiva para el presente a\u00f1o,  destinadas a las asociaciones  y a otras entidades sin \u00e1nimo de lucro en el \u00e1mbito de servicios sociales y accesibilidad universal del municipio de P\u00e1jara.<\/p>\n<p><strong>N\u00famero y fecha publicaci\u00f3n:<\/strong> BOP N\u00famero 126, lunes, 20 de octubre de 2025. <\/p>\n<p><span class=\"mb-center maxbutton-1-center\"><span class=\"maxbutton-1-container mb-container\"><span class=\"mb-text\">Ver BOP<\/span><\/span><\/span><\/p>\n<p><strong>PLAZO:<\/strong> del 21 de octubre al 10 de noviembre (15 d\u00edas h\u00e1biles).<\/p>\n<p><span class=\"mb-center maxbutton-1-center\"><span class=\"maxbutton-1-container mb-container\"><span class=\"mb-text\">ANEXO I<\/span><\/span><\/span><br \/><span class=\"mb-center maxbutton-1-center\"><span class=\"maxbutton-1-container mb-container\"><span class=\"mb-text\">ANEXO II<\/span><\/span><\/span><br \/><span class=\"mb-center maxbutton-1-center\"><span class=\"maxbutton-1-container mb-container\"><span class=\"mb-text\">ANEXO III<\/span><\/span><\/span><\/p>\n<\/div>\n","protected":false},"excerpt":{"rendered":"<p>Convocatoria p\u00fablica para la concesi\u00f3n de subvenciones en r\u00e9gimen de concurrencia competitiva para el presente a\u00f1o, destinadas a las asociaciones y a otras entidades sin \u00e1nimo de lucro en el [&hellip;]<\/p>\n","protected":false},"author":1,"featured_media":12577,"comment_status":"open","ping_status":"open","sticky":false,"template":"","format":"standard","meta":{"inline_featured_image":false,"jnews-multi-image_gallery":[],"jnews_single_post":[],"jnews_primary_category":[],"jnews_social_meta":[],"jnews_override_counter":[],"jnews_post_split":[],"footnotes":""},"categories":[63],"tags":[],"class_list":["post-12575","post","type-post","status-publish","format-standard","has-post-thumbnail","hentry","category-pajara"],"jetpack_featured_media_url":"https:\/\/informacionlocal.es\/wp-content\/uploads\/2025\/10\/nofoto-2.png","_links":{"self":[{"href":"https:\/\/informacionlocal.es\/en\/wp-json\/wp\/v2\/posts\/12575","targetHints":{"allow":["GET"]}}],"collection":[{"href":"https:\/\/informacionlocal.es\/en\/wp-json\/wp\/v2\/posts"}],"about":[{"href":"https:\/\/informacionlocal.es\/en\/wp-json\/wp\/v2\/types\/post"}],"author":[{"embeddable":true,"href":"https:\/\/informacionlocal.es\/en\/wp-json\/wp\/v2\/users\/1"}],"replies":[{"embeddable":true,"href":"https:\/\/informacionlocal.es\/en\/wp-json\/wp\/v2\/comments?post=12575"}],"version-history":[{"count":0,"href":"https:\/\/informacionlocal.es\/en\/wp-json\/wp\/v2\/posts\/12575\/revisions"}],"wp:featuredmedia":[{"embeddable":true,"href":"https:\/\/informacionlocal.es\/en\/wp-json\/wp\/v2\/media\/12577"}],"wp:attachment":[{"href":"https:\/\/informacionlocal.es\/en\/wp-json\/wp\/v2\/media?parent=12575"}],"wp:term":[{"taxonomy":"category","embeddable":true,"href":"https:\/\/informacionlocal.es\/en\/wp-json\/wp\/v2\/categories?post=12575"},{"taxonomy":"post_tag","embeddable":true,"href":"https:\/\/informacionlocal.es\/en\/wp-json\/wp\/v2\/tags?post=12575"}],"curies":[{"name":"wp","href":"https:\/\/api.w.org\/{rel}","templated":true}]}}