{"id":12569,"date":"2025-10-19T00:58:57","date_gmt":"2025-10-18T23:58:57","guid":{"rendered":"https:\/\/informacionlocal.es\/exito-rotundo-en-la-cuarta-edicion-de-la-fuerteventura-fashion-week-2025-aforo-completo-y-una-pasarela-que-consolida-a-la-isla-como-referente-de-moda\/"},"modified":"2025-10-19T00:58:57","modified_gmt":"2025-10-18T23:58:57","slug":"exito-rotundo-en-la-cuarta-edicion-de-la-fuerteventura-fashion-week-2025-aforo-completo-y-una-pasarela-que-consolida-a-la-isla-como-referente-de-moda","status":"publish","type":"post","link":"https:\/\/informacionlocal.es\/en\/exito-rotundo-en-la-cuarta-edicion-de-la-fuerteventura-fashion-week-2025-aforo-completo-y-una-pasarela-que-consolida-a-la-isla-como-referente-de-moda\/","title":{"rendered":"\u00c9xito rotundo en la cuarta edici\u00f3n de la Fuerteventura Fashion Week 2025: aforo completo y una pasarela que consolida a la isla como referente de moda"},"content":{"rendered":"<div class=\"entry-content\"><strong>18 octubre, 2025<\/strong><\/p>\n<p>El Palacio de Formaci\u00f3n y Congresos de Fuerteventura fue escenario<br \/>\nanoche de la cuarta edici\u00f3n de Fuerteventura Fashion Week, un evento que<br \/>\nregistr\u00f3 aforo completo y reuni\u00f3 a destacados dise\u00f1adores, artistas,<br \/>\ninfluencers y profesionales del sector en una cita que consolida a la isla como<br \/>\nun nuevo referente de la moda a nivel local, nacional e internacional.<\/p>\n<p>El p\u00fablico pudo disfrutar de una jornada llena de creatividad,<br \/>\ntalento y emoci\u00f3n, donde se presentaron las \u00faltimas colecciones de reconocidos<br \/>\ncreadores:<\/p>\n<p>\u2022 Amelie &amp; Lee \u2013 Endless Summer, una colecci\u00f3n infantil<br \/>\ninspirada en la libertad de los d\u00edas soleados.<\/p>\n<p>\u2022 Raquel D\u00edaz \u2013 Petite Bardot, homenaje a la ic\u00f3nica Brigitte<br \/>\nBardot con una moda femenina y sensual.<\/p>\n<p>\u2022 Azusal Orasa, con una propuesta que celebra la feminidad en<br \/>\nclave atemporal y elegante.<\/p>\n<p>\u2022 Zayhan \u2013 Prestige, inspirada en las mujeres pioneras de<br \/>\nprincipios del siglo XX.<\/p>\n<p>\u2022 Escuela de Dise\u00f1o de Moda de Fuerteventura, mostrando el talento<br \/>\nemergente de nuevos creadores locales.<\/p>\n<p>\u2022 Filts \u2013 The Lovers, una oda al amor y al autodescubrimiento a<br \/>\ntrav\u00e9s del dise\u00f1o contempor\u00e1neo.<\/p>\n<p>\u2022 Raquel D\u00edaz \u2013 Parisina, colecci\u00f3n que rinde tributo al glamour y<br \/>\nla sofisticaci\u00f3n del siglo XX.<\/p>\n<p>\u2022 Nanna \u2013 Requiem, una reflexi\u00f3n sobre la identidad y la esencia<br \/>\nfemenina.<\/p>\n<p>\u2022 Oswaldo Mach\u00edn, con su colecci\u00f3n nupcial 2026, s\u00edmbolo de<br \/>\nelegancia y tradici\u00f3n renovada.<\/p>\n<p>\u2022 Paloma Su\u00e1rez, quien present\u00f3 una propuesta inspirada en la<br \/>\nfuerza interior y la autenticidad.<\/p>\n<p>\u2022 Isabel Zapardiez \u2013 Florakcion, una oda a la naturaleza y la<br \/>\nfusi\u00f3n entre arte y moda.<\/p>\n<p>Durante el evento, la organizaci\u00f3n destac\u00f3 el papel fundamental de<br \/>\ndise\u00f1adores, colaboradores, patrocinadores y el personal t\u00e9cnico, cuyo esfuerzo<br \/>\nhizo posible que Fuerteventura brillara como epicentro de la moda y la<br \/>\ncreatividad.<\/p>\n<p>\u201cJuntos hemos construido un espacio que enaltece nuestros<br \/>\nproductos, potencia los talentos locales y proyecta la belleza de nuestra<br \/>\nisla\u201d, se\u00f1alaron los organizadores durante la clausura.<\/p>\n<p>Con esta edici\u00f3n, Fuerteventura Fashion Week 2025 reafirma su<br \/>\ncompromiso de posicionar a la isla como destino de moda, turismo y creaci\u00f3n<br \/>\nart\u00edstica, abriendo un nuevo segmento de mercado y una fuente de ingresos<br \/>\nsostenible para el territorio.<\/p>\n<p>La organizaci\u00f3n ya trabaja en la pr\u00f3xima edici\u00f3n, con el prop\u00f3sito<br \/>\nde seguir so\u00f1ando, creando y proyectando el talento al mundo.<\/p>\n<\/div>\n","protected":false},"excerpt":{"rendered":"<p>18 octubre, 2025 El Palacio de Formaci\u00f3n y Congresos de Fuerteventura fue escenario anoche de la cuarta edici\u00f3n de Fuerteventura Fashion Week, un evento que registr\u00f3 aforo completo y reuni\u00f3 [&hellip;]<\/p>\n","protected":false},"author":1,"featured_media":12571,"comment_status":"open","ping_status":"open","sticky":false,"template":"","format":"standard","meta":{"inline_featured_image":false,"jnews-multi-image_gallery":[],"jnews_single_post":[],"jnews_primary_category":[],"jnews_social_meta":[],"jnews_override_counter":[],"jnews_post_split":[],"footnotes":""},"categories":[58],"tags":[],"class_list":["post-12569","post","type-post","status-publish","format-standard","has-post-thumbnail","hentry","category-cabildo"],"jetpack_featured_media_url":"https:\/\/informacionlocal.es\/wp-content\/uploads\/2025\/10\/ffw-2025-4.jpeg","_links":{"self":[{"href":"https:\/\/informacionlocal.es\/en\/wp-json\/wp\/v2\/posts\/12569","targetHints":{"allow":["GET"]}}],"collection":[{"href":"https:\/\/informacionlocal.es\/en\/wp-json\/wp\/v2\/posts"}],"about":[{"href":"https:\/\/informacionlocal.es\/en\/wp-json\/wp\/v2\/types\/post"}],"author":[{"embeddable":true,"href":"https:\/\/informacionlocal.es\/en\/wp-json\/wp\/v2\/users\/1"}],"replies":[{"embeddable":true,"href":"https:\/\/informacionlocal.es\/en\/wp-json\/wp\/v2\/comments?post=12569"}],"version-history":[{"count":0,"href":"https:\/\/informacionlocal.es\/en\/wp-json\/wp\/v2\/posts\/12569\/revisions"}],"wp:featuredmedia":[{"embeddable":true,"href":"https:\/\/informacionlocal.es\/en\/wp-json\/wp\/v2\/media\/12571"}],"wp:attachment":[{"href":"https:\/\/informacionlocal.es\/en\/wp-json\/wp\/v2\/media?parent=12569"}],"wp:term":[{"taxonomy":"category","embeddable":true,"href":"https:\/\/informacionlocal.es\/en\/wp-json\/wp\/v2\/categories?post=12569"},{"taxonomy":"post_tag","embeddable":true,"href":"https:\/\/informacionlocal.es\/en\/wp-json\/wp\/v2\/tags?post=12569"}],"curies":[{"name":"wp","href":"https:\/\/api.w.org\/{rel}","templated":true}]}}