{"id":12533,"date":"2025-10-17T14:59:35","date_gmt":"2025-10-17T13:59:35","guid":{"rendered":"https:\/\/informacionlocal.es\/tres-posibles-ubicaciones-para-la-antena-de-comunicacion-enmarcan-la-conformidad-entre-vecinos-y-empresa\/"},"modified":"2025-10-17T14:59:35","modified_gmt":"2025-10-17T13:59:35","slug":"tres-posibles-ubicaciones-para-la-antena-de-comunicacion-enmarcan-la-conformidad-entre-vecinos-y-empresa","status":"publish","type":"post","link":"https:\/\/informacionlocal.es\/en\/tres-posibles-ubicaciones-para-la-antena-de-comunicacion-enmarcan-la-conformidad-entre-vecinos-y-empresa\/","title":{"rendered":"Tres posibles ubicaciones para la Antena de Comunicaci\u00f3n enmarcan la conformidad entre vecinos y empresa"},"content":{"rendered":"<div class=\"elementor-widget-container\">\n<p><strong>Tres posibles ubicaciones para la Antena de Comunicaci\u00f3n enmarcan la conformidad entre vecinos y empresa<\/strong><\/p>\n<p><strong>\u2022 La empresa propone dos alternativas a la actualmente paralizada, aceptar estudiar una tercera propuesta presentada hoy mismo por la Plataforma Vecinal. <\/strong><br \/><strong>\u2022 Antigua felicita el acercamiento de posturas entre los representantes de la plataforma vecinal y la empresa Totem.<\/strong><br \/><strong>\u2022 El alcalde destaca que la empresa ha valorado y simulado par\u00e1metros hasta de 15 propuestas diferentes, presentadas por el Ayuntamiento de Antigua y propietarios particulares.<\/strong><\/p>\n<p>El alcalde de Antigua, Mat\u00edas Pe\u00f1a Garc\u00eda agradece la presencia de los representantes de Totem, la actitud dialogante de los representantes de la Plataforma vecinal y la aportaci\u00f3n t\u00e9cnica y profesional de dos ingenieros invitados por los propios vecinos.<\/p>\n<p>Considero un \u00e9xito esta reuni\u00f3n en la que se alcanzan varios compromisos, afirma el alcalde Mat\u00edas Pe\u00f1a Garc\u00eda, por parte de la empresa, entregar los informes solicitados para su valoraci\u00f3n por los ingenieros presentes, a su vez, que los vecinos trasladar su decisi\u00f3n en la primera semana de noviembre.<\/p>\n<p>Una reuni\u00f3n muy positiva, en la que ha primado una disposici\u00f3n de las partes a escucharse, entenderse y llegar a acuerdo, destaca el alcalde de Antigua, Mat\u00edas Pe\u00f1a, que ha iniciado la reuni\u00f3n agradeciendo la presencia del presidente en Espa\u00f1a de Totem, David Casta\u00f1o, as\u00ed como ha felicitado la iniciativa de los representantes de la Plataforma vecinal invitando a dos ingenieros de telecomunicaciones, cuya opiniones y aportaciones han resultado decisivas en el transcurso de la reuni\u00f3n.<\/p>\n<p>Los ingenieros de telecomunicaciones coinciden con los responsables de la empresa Totem, que a mayor distancia del pueblo se precisa mayor potencia de emisi\u00f3n obteniendo una menor cobertura, as\u00ed por el contrario, cuanto m\u00e1s c\u00e9ntrica del n\u00facleo urbano de Antigua se encuentre la antena de comunicaci\u00f3n, menor potencia emite aportando mayor cobertura. Es mayor la emisi\u00f3n radio el\u00e9ctrica que provocan nuestros m\u00f3viles personales cuando tienen una baja cobertura que la que precisa una antena, por ejemplo, sobre la cubierta de este ayuntamiento, se\u00f1alaba uno de los ingenieros presentes.<\/p>\n<p>Una reuni\u00f3n en la que los representantes del Ayuntamiento de Antigua han asistido como mediadores, encontr\u00e1ndose en manos de las partes presentes alcanzar un acuerdo entre las localizaciones propuestas. El alcalde concluye destacando el trabajo y esfuerzo realizado por el equipo t\u00e9cnico municipal, as\u00ed como la voluntad de Totem y la propia Plataforma de llegar a un entendimiento final.<\/p>\n<\/div>\n","protected":false},"excerpt":{"rendered":"<p><strong>Tres posibles ubicaciones para la Antena de Comunicaci\u00f3n enmarcan la conformidad entre vecinos y empresa<\/strong><\/p>\n","protected":false},"author":1,"featured_media":12535,"comment_status":"open","ping_status":"open","sticky":false,"template":"","format":"standard","meta":{"inline_featured_image":false,"jnews-multi-image_gallery":[],"jnews_single_post":[],"jnews_primary_category":[],"jnews_social_meta":[],"jnews_override_counter":[],"jnews_post_split":[],"footnotes":""},"categories":[59],"tags":[],"class_list":["post-12533","post","type-post","status-publish","format-standard","has-post-thumbnail","hentry","category-antigua"],"jetpack_featured_media_url":"https:\/\/informacionlocal.es\/wp-content\/uploads\/2025\/10\/una-reunion-por-el-acuerdo-mediada-por-el-ayuntamiento-entre-totem-y-plataforma-2-scaled-1.jpg","_links":{"self":[{"href":"https:\/\/informacionlocal.es\/en\/wp-json\/wp\/v2\/posts\/12533","targetHints":{"allow":["GET"]}}],"collection":[{"href":"https:\/\/informacionlocal.es\/en\/wp-json\/wp\/v2\/posts"}],"about":[{"href":"https:\/\/informacionlocal.es\/en\/wp-json\/wp\/v2\/types\/post"}],"author":[{"embeddable":true,"href":"https:\/\/informacionlocal.es\/en\/wp-json\/wp\/v2\/users\/1"}],"replies":[{"embeddable":true,"href":"https:\/\/informacionlocal.es\/en\/wp-json\/wp\/v2\/comments?post=12533"}],"version-history":[{"count":0,"href":"https:\/\/informacionlocal.es\/en\/wp-json\/wp\/v2\/posts\/12533\/revisions"}],"wp:featuredmedia":[{"embeddable":true,"href":"https:\/\/informacionlocal.es\/en\/wp-json\/wp\/v2\/media\/12535"}],"wp:attachment":[{"href":"https:\/\/informacionlocal.es\/en\/wp-json\/wp\/v2\/media?parent=12533"}],"wp:term":[{"taxonomy":"category","embeddable":true,"href":"https:\/\/informacionlocal.es\/en\/wp-json\/wp\/v2\/categories?post=12533"},{"taxonomy":"post_tag","embeddable":true,"href":"https:\/\/informacionlocal.es\/en\/wp-json\/wp\/v2\/tags?post=12533"}],"curies":[{"name":"wp","href":"https:\/\/api.w.org\/{rel}","templated":true}]}}