{"id":12521,"date":"2025-10-17T12:58:26","date_gmt":"2025-10-17T11:58:26","guid":{"rendered":"https:\/\/informacionlocal.es\/publicado-el-listado-provisional-de-beneficiarios-de-las-ayudas-al-alquiler-2025-en-puerto-del-rosario\/"},"modified":"2025-10-17T12:58:26","modified_gmt":"2025-10-17T11:58:26","slug":"publicado-el-listado-provisional-de-beneficiarios-de-las-ayudas-al-alquiler-2025-en-puerto-del-rosario","status":"publish","type":"post","link":"https:\/\/informacionlocal.es\/en\/publicado-el-listado-provisional-de-beneficiarios-de-las-ayudas-al-alquiler-2025-en-puerto-del-rosario\/","title":{"rendered":"Publicado el listado provisional de beneficiarios de las ayudas al alquiler 2025 en Puerto del Rosario"},"content":{"rendered":"<div class=\"entry-content\">\n<ul>\n<li><span><strong>El Ayuntamiento facilita el acceso a la informaci\u00f3n de las solicitudes admitidas, pendientes, fuera de plazo y excluidas<\/strong><\/span><\/li>\n<\/ul>\n<p><span><strong>En Puerto del Rosario, a 17 de octubre de 2025.-<\/strong> El Ayuntamiento de Puerto del Rosario informa de la publicaci\u00f3n del listado provisional de beneficiarios y beneficiarias de las ayudas al alquiler correspondientes al ejercicio 2025, aprobado en sesi\u00f3n extraordinaria de la Junta de Gobierno Local celebrada el pasado 14 de octubre.<\/span><\/p>\n<p><span>En el anuncio se detallan las solicitudes admitidas sin necesidad de nueva documentaci\u00f3n, las pendientes de subsanar, las presentadas fuera de plazo y las excluidas por no cumplir alguno de los requisitos establecidos en las bases reguladoras.<\/span><span>Las personas interesadas disponen de un plazo de diez d\u00edas h\u00e1biles para presentar alegaciones o aportar la documentaci\u00f3n requerida, contados a partir del d\u00eda siguiente a la publicaci\u00f3n en el Bolet\u00edn Oficial de la Provincia de Las Palmas.<\/span><\/p>\n<p><span>El alcalde de Puerto del Rosario, David de Vera, se\u00f1al\u00f3 que \u201cestas ayudas suponen un apoyo importante para muchas familias del municipio, especialmente en un momento en que el alquiler representa una parte considerable de la econom\u00eda dom\u00e9stica. Nuestro objetivo es que el proceso sea claro y accesible para todos los solicitantes\u201d.<\/span><\/p>\n<p><span>Por su parte, la concejala de Vivienda, To\u00f1i Fdez. Arag\u00f3n, destac\u00f3 que \u201ceste tipo de convocatorias permiten aliviar la carga econ\u00f3mica de numerosas familias y contribuyen a mejorar su estabilidad. Continuaremos trabajando para que estas ayudas se sigan gestionando con eficacia y transparencia.\u201d<\/span><\/p>\n<p><span>El listado completo puede consultarse en el Tabl\u00f3n de Anuncios del Ayuntamiento, en la web municipal www.puertodelrosario.org, y en el Bolet\u00edn Oficial de la Provincia de Las Palmas (BOP n\u00ba 125, de 17 de octubre de 2025).<\/span><\/p>\n<p>\u00a0<\/p>\n<p>\u00a0<\/p>\n<\/div>\n","protected":false},"excerpt":{"rendered":"<p>El Ayuntamiento facilita el acceso a la informaci\u00f3n de las solicitudes admitidas, pendientes, fuera de plazo y excluidas En Puerto del Rosario, a 17 de octubre de 2025.- El Ayuntamiento [&hellip;]<\/p>\n","protected":false},"author":1,"featured_media":12523,"comment_status":"open","ping_status":"open","sticky":false,"template":"","format":"standard","meta":{"inline_featured_image":false,"jnews-multi-image_gallery":[],"jnews_single_post":[],"jnews_primary_category":[],"jnews_social_meta":[],"jnews_override_counter":[],"jnews_post_split":[],"footnotes":""},"categories":[61],"tags":[68],"class_list":["post-12521","post","type-post","status-publish","format-standard","has-post-thumbnail","hentry","category-puerto-del-rosario","tag-convocatorias"],"jetpack_featured_media_url":"https:\/\/informacionlocal.es\/wp-content\/uploads\/2025\/10\/ayudas-al-alquiler.png","_links":{"self":[{"href":"https:\/\/informacionlocal.es\/en\/wp-json\/wp\/v2\/posts\/12521","targetHints":{"allow":["GET"]}}],"collection":[{"href":"https:\/\/informacionlocal.es\/en\/wp-json\/wp\/v2\/posts"}],"about":[{"href":"https:\/\/informacionlocal.es\/en\/wp-json\/wp\/v2\/types\/post"}],"author":[{"embeddable":true,"href":"https:\/\/informacionlocal.es\/en\/wp-json\/wp\/v2\/users\/1"}],"replies":[{"embeddable":true,"href":"https:\/\/informacionlocal.es\/en\/wp-json\/wp\/v2\/comments?post=12521"}],"version-history":[{"count":0,"href":"https:\/\/informacionlocal.es\/en\/wp-json\/wp\/v2\/posts\/12521\/revisions"}],"wp:featuredmedia":[{"embeddable":true,"href":"https:\/\/informacionlocal.es\/en\/wp-json\/wp\/v2\/media\/12523"}],"wp:attachment":[{"href":"https:\/\/informacionlocal.es\/en\/wp-json\/wp\/v2\/media?parent=12521"}],"wp:term":[{"taxonomy":"category","embeddable":true,"href":"https:\/\/informacionlocal.es\/en\/wp-json\/wp\/v2\/categories?post=12521"},{"taxonomy":"post_tag","embeddable":true,"href":"https:\/\/informacionlocal.es\/en\/wp-json\/wp\/v2\/tags?post=12521"}],"curies":[{"name":"wp","href":"https:\/\/api.w.org\/{rel}","templated":true}]}}