{"id":12515,"date":"2025-10-16T21:58:52","date_gmt":"2025-10-16T20:58:52","guid":{"rendered":"https:\/\/informacionlocal.es\/la-corporacion-municipal-homenajea-al-equipo-amigos-de-pajara-campeones-de-las-neuromajo-2025\/"},"modified":"2025-10-16T21:58:52","modified_gmt":"2025-10-16T20:58:52","slug":"la-corporacion-municipal-homenajea-al-equipo-amigos-de-pajara-campeones-de-las-neuromajo-2025","status":"publish","type":"post","link":"https:\/\/informacionlocal.es\/en\/la-corporacion-municipal-homenajea-al-equipo-amigos-de-pajara-campeones-de-las-neuromajo-2025\/","title":{"rendered":"La corporaci\u00f3n municipal homenajea al equipo Amigos de P\u00e1jara, campeones de las Neuromajo 2025"},"content":{"rendered":"<div class=\"entry-content\">\n<p><b><i>El grupo viajar\u00e1 en diciembre a Maspalomas para representar al municipio y a la isla en la final regional<\/i><\/b><\/p>\n<p><span>La corporaci\u00f3n municipal del Ayuntamiento de P\u00e1jara ha recibido esta ma\u00f1ana en el sal\u00f3n de plenos a los miembros del equipo Amigos de P\u00e1jara, recientemente coronados campeones de las Neuromajo 2025, celebradas el pasado mes de septiembre en las instalaciones de la Granja Experimental de Pozo Negro.\u00a0<\/span><\/p>\n<p><span>Durante el acto, los concejales, concejalas y representantes municipales destacaron el esfuerzo, la dedicaci\u00f3n y el talento de los integrantes del equipo, que han llevado el nombre de P\u00e1jara a lo m\u00e1s alto. Adem\u00e1s, se les hizo entrega de un reconocimiento oficial del Ayuntamiento como muestra de orgullo y apoyo en este logro.\u00a0<\/span><\/p>\n<p><span>El alcalde, la concejala de la Tercera Edad y los portavoces subrayan la importancia de apoyar a los equipos locales de todas las edades, fomentando valores como el trabajo en equipo y la participaci\u00f3n activa en la vida de los vecinos y vecinas del municipio.<\/span><\/p>\n<p><span>El equipo Amigos de P\u00e1jara viajar\u00e1 en diciembre a Maspalomas para representar al municipio y a la isla de Fuerteventura en la final regional, donde buscar\u00e1n consolidar su destacada participaci\u00f3n y continuar poniendo en alto el nombre de P\u00e1jara. <\/span><\/p>\n<\/div>\n","protected":false},"excerpt":{"rendered":"<p><i>El grupo viajar\u00e1 en diciembre a Maspalomas para representar al municipio y a la isla en la final regional<\/i><\/p>\n","protected":false},"author":1,"featured_media":12517,"comment_status":"open","ping_status":"open","sticky":false,"template":"","format":"standard","meta":{"inline_featured_image":false,"jnews-multi-image_gallery":[],"jnews_single_post":[],"jnews_primary_category":[],"jnews_social_meta":[],"jnews_override_counter":[],"jnews_post_split":[],"footnotes":""},"categories":[63],"tags":[82],"class_list":["post-12515","post","type-post","status-publish","format-standard","has-post-thumbnail","hentry","category-pajara","tag-fuerteventura"],"jetpack_featured_media_url":"https:\/\/informacionlocal.es\/wp-content\/uploads\/2025\/10\/whatsapp-image-2025-10-16-at-15-01-48.jpeg","_links":{"self":[{"href":"https:\/\/informacionlocal.es\/en\/wp-json\/wp\/v2\/posts\/12515","targetHints":{"allow":["GET"]}}],"collection":[{"href":"https:\/\/informacionlocal.es\/en\/wp-json\/wp\/v2\/posts"}],"about":[{"href":"https:\/\/informacionlocal.es\/en\/wp-json\/wp\/v2\/types\/post"}],"author":[{"embeddable":true,"href":"https:\/\/informacionlocal.es\/en\/wp-json\/wp\/v2\/users\/1"}],"replies":[{"embeddable":true,"href":"https:\/\/informacionlocal.es\/en\/wp-json\/wp\/v2\/comments?post=12515"}],"version-history":[{"count":0,"href":"https:\/\/informacionlocal.es\/en\/wp-json\/wp\/v2\/posts\/12515\/revisions"}],"wp:featuredmedia":[{"embeddable":true,"href":"https:\/\/informacionlocal.es\/en\/wp-json\/wp\/v2\/media\/12517"}],"wp:attachment":[{"href":"https:\/\/informacionlocal.es\/en\/wp-json\/wp\/v2\/media?parent=12515"}],"wp:term":[{"taxonomy":"category","embeddable":true,"href":"https:\/\/informacionlocal.es\/en\/wp-json\/wp\/v2\/categories?post=12515"},{"taxonomy":"post_tag","embeddable":true,"href":"https:\/\/informacionlocal.es\/en\/wp-json\/wp\/v2\/tags?post=12515"}],"curies":[{"name":"wp","href":"https:\/\/api.w.org\/{rel}","templated":true}]}}