{"id":12509,"date":"2025-10-16T19:01:13","date_gmt":"2025-10-16T18:01:13","guid":{"rendered":"https:\/\/informacionlocal.es\/responsables-de-la-unidad-militar-de-emergencias-en-antigua\/"},"modified":"2025-10-16T19:01:13","modified_gmt":"2025-10-16T18:01:13","slug":"responsables-de-la-unidad-militar-de-emergencias-en-antigua","status":"publish","type":"post","link":"https:\/\/informacionlocal.es\/en\/responsables-de-la-unidad-militar-de-emergencias-en-antigua\/","title":{"rendered":"Responsables de la Unidad Militar de Emergencias en Antigua"},"content":{"rendered":"<div class=\"elementor-widget-container\">\n<p><strong>Responsables de la Unidad Militar de Emergencias en Antigua<\/strong><\/p>\n<p><strong>\u2022 El alcalde recibe a los representantes de la UME que por primera vez visitan Antigua, en el marco de una misi\u00f3n de reconocimiento de localizaciones en la isla.<\/strong><\/p>\n<p>El alcalde de Antigua, Mat\u00edas Pe\u00f1a Garc\u00eda, este jueves 16 de octubre por la ma\u00f1ana ha recibido la visita de los responsables de la Unidad Militar de Emergencias que por primera vez visitan el Municipio, en misi\u00f3n de reconocimiento de localizaciones en la isla.<\/p>\n<p>El objetivo de este reconocimiento es decidir la localizaci\u00f3n m\u00e1s id\u00f3nea para organizar una futura maniobra de rescate de emergencia, recreando un simulacro de actuaci\u00f3n y salvamento de urgencia ante un posible desastre natural.<\/p>\n<p>La UME y sus representantes son y ser\u00e1n siempre bien acogidos en el Municipio de Antigua, disponiendo de toda la colaboraci\u00f3n posible de esta administraci\u00f3n, afirma el alcalde, Mat\u00edas Pe\u00f1a.<\/p>\n<p>Los responsables estudian varias localizaciones en el Municipio para desarrollar una maniobra de entrenamiento y recreaci\u00f3n de rescate de emergencia en la isla, y si as\u00ed lo decidiesen, por supuesto contar\u00e1n con el apoyo y respaldo que precisen por parte del Ayuntamiento de Antigua.<\/p>\n<p>Y concluye el alcalde, ser\u00eda un orgullo acoger a los miembros de la UME en Antigua y hacerles sentir como en su casa.<\/p>\n<\/div>\n","protected":false},"excerpt":{"rendered":"<p><strong>Responsables de la Unidad Militar de Emergencias en Antigua<\/strong><\/p>\n","protected":false},"author":1,"featured_media":12511,"comment_status":"open","ping_status":"open","sticky":false,"template":"","format":"standard","meta":{"inline_featured_image":false,"jnews-multi-image_gallery":[],"jnews_single_post":[],"jnews_primary_category":[],"jnews_social_meta":[],"jnews_override_counter":[],"jnews_post_split":[],"footnotes":""},"categories":[59],"tags":[],"class_list":["post-12509","post","type-post","status-publish","format-standard","has-post-thumbnail","hentry","category-antigua"],"jetpack_featured_media_url":"https:\/\/informacionlocal.es\/wp-content\/uploads\/2025\/10\/el-alcalde-recibe-a-los-representantes-de-la-ume-1-scaled-1.jpg","_links":{"self":[{"href":"https:\/\/informacionlocal.es\/en\/wp-json\/wp\/v2\/posts\/12509","targetHints":{"allow":["GET"]}}],"collection":[{"href":"https:\/\/informacionlocal.es\/en\/wp-json\/wp\/v2\/posts"}],"about":[{"href":"https:\/\/informacionlocal.es\/en\/wp-json\/wp\/v2\/types\/post"}],"author":[{"embeddable":true,"href":"https:\/\/informacionlocal.es\/en\/wp-json\/wp\/v2\/users\/1"}],"replies":[{"embeddable":true,"href":"https:\/\/informacionlocal.es\/en\/wp-json\/wp\/v2\/comments?post=12509"}],"version-history":[{"count":0,"href":"https:\/\/informacionlocal.es\/en\/wp-json\/wp\/v2\/posts\/12509\/revisions"}],"wp:featuredmedia":[{"embeddable":true,"href":"https:\/\/informacionlocal.es\/en\/wp-json\/wp\/v2\/media\/12511"}],"wp:attachment":[{"href":"https:\/\/informacionlocal.es\/en\/wp-json\/wp\/v2\/media?parent=12509"}],"wp:term":[{"taxonomy":"category","embeddable":true,"href":"https:\/\/informacionlocal.es\/en\/wp-json\/wp\/v2\/categories?post=12509"},{"taxonomy":"post_tag","embeddable":true,"href":"https:\/\/informacionlocal.es\/en\/wp-json\/wp\/v2\/tags?post=12509"}],"curies":[{"name":"wp","href":"https:\/\/api.w.org\/{rel}","templated":true}]}}