{"id":12497,"date":"2025-10-16T16:58:39","date_gmt":"2025-10-16T15:58:39","guid":{"rendered":"https:\/\/informacionlocal.es\/comienza-la-liga-de-lucha-canaria-cabildo-de-fuerteventura-obras-publicas-canarias-sumytrans\/"},"modified":"2025-10-16T16:58:39","modified_gmt":"2025-10-16T15:58:39","slug":"comienza-la-liga-de-lucha-canaria-cabildo-de-fuerteventura-obras-publicas-canarias-sumytrans","status":"publish","type":"post","link":"https:\/\/informacionlocal.es\/en\/comienza-la-liga-de-lucha-canaria-cabildo-de-fuerteventura-obras-publicas-canarias-sumytrans\/","title":{"rendered":"Comienza la Liga de Lucha Canaria Cabildo de Fuerteventura Obras P\u00fablicas Canarias-Sumytrans"},"content":{"rendered":"<div class=\"entry-content\"><strong>16 octubre, 2025<\/strong><\/p>\n<p>La Liga de Lucha Canaria \u2018Cabildo de Fuerteventura, Obras P\u00fablicas Canarias-Sumytrans\u2019 comienza este fin de semana con el encuentro hoy, 16 de octubre, entre el CL Maxorata y el CL Antigua, en el terrero de Tarajalejo, y el s\u00e1bado entre el CL Saladar de Jand\u00eda y Rosario Club de Lucha en Morro Jable.<\/p>\n<p>Durante la presentaci\u00f3n de la liga, la presidenta del Cabildo de Fuerteventura, Lola Garc\u00eda, dese\u00f3 la mayor de las suertes a todos los equipos que participan en la Liga Cabildo de Fuerteventura OPC-Sumytrans, agradeciendo a la Federaci\u00f3n Insular de Lucha, empresas patrocinadoras, a los clubs, afici\u00f3n y a todas las personas que lo hacen posible.<\/p>\n<p>Garc\u00eda hizo hincapi\u00e9 \u201cen los valores de esfuerzo, compa\u00f1erismo, afici\u00f3n e identidad que entra\u00f1a la lucha canaria, un deporte que est\u00e1 m\u00e1s fuerte que nunca, tanto en categor\u00eda masculina como en femenina, y que debemos apoyar en todas sus facetas, desde la m\u00e1s competitiva hasta el aprendizaje en edades tempranas para seguir creando cantera\u201d.<\/p>\n<p>En palabras del presidente de la Federaci\u00f3n Insular de Lucha Canaria, Mart\u00edn Cano, \u201ctenemos la mejor liga de Canarias y un a\u00f1o m\u00e1s lo vamos a defender en los terreros de lucha, con el apoyo de la afici\u00f3n durante toda la temporada\u201d.<\/p>\n<p>Luis Rodr\u00edguez, como representante de OPC, resalt\u00f3 el alto nivel de competencia de la liga majorera, \u201cesperamos que se siga manteniendo y que la liga se siga desarrollando con \u00e9xito, tal y como ha sucedido en los \u00faltimos a\u00f1os\u201d.<\/p>\n<p>En representaci\u00f3n de Sumytrans, Raque Rodr\u00edguez, se\u00f1al\u00f3 que \u201cnos sumamos por segundo a\u00f1o consecutivo al patrocinio de esta liga, con el mayor de los orgullos y colaborando para hacerla posible\u201d.<\/p>\n<p>Estuvieron presentes, adem\u00e1s, representantes de los clubes que participan en la liga: Saladar de Jand\u00eda, Uni\u00f3n Antigua, C.L. Maxorata, Uni\u00f3n Tetir y Rosario Club de Lucha, as\u00ed como portavoces de los diferentes grupos con representaci\u00f3n en la Corporaci\u00f3n insular.<\/p>\n<p>Durante el acto, Federaci\u00f3n Insular de Lucha Canaria y patrocinadores (OPC y Sumytrans) suscribieron el convenio de colaboraci\u00f3n que permite el desarrollo de actividades de promoci\u00f3n y fomento de la lucha canaria durante la temporada 2025-2026. Acuerdo que se suma al convenio suscrito con la Consejer\u00eda de Deportes del Cabildo de Fuerteventura.<\/p>\n<p>Asimismo, el CL Saladar de Jand\u00eda hizo entrega de un reconocimiento a las empresas patrocinadoras por su colaboraci\u00f3n con el club.<\/p>\n<\/div>\n","protected":false},"excerpt":{"rendered":"<p>16 octubre, 2025 La Liga de Lucha Canaria \u2018Cabildo de Fuerteventura, Obras P\u00fablicas Canarias-Sumytrans\u2019 comienza este fin de semana con el encuentro hoy, 16 de octubre, entre el CL Maxorata [&hellip;]<\/p>\n","protected":false},"author":1,"featured_media":12499,"comment_status":"open","ping_status":"open","sticky":false,"template":"","format":"standard","meta":{"inline_featured_image":false,"jnews-multi-image_gallery":[],"jnews_single_post":[],"jnews_primary_category":[],"jnews_social_meta":[],"jnews_override_counter":[],"jnews_post_split":[],"footnotes":""},"categories":[58],"tags":[82],"class_list":["post-12497","post","type-post","status-publish","format-standard","has-post-thumbnail","hentry","category-cabildo","tag-fuerteventura"],"jetpack_featured_media_url":"https:\/\/informacionlocal.es\/wp-content\/uploads\/2025\/10\/1760614076-23e9d8141ae823e8f4221aed5fd68ecf.jpg","_links":{"self":[{"href":"https:\/\/informacionlocal.es\/en\/wp-json\/wp\/v2\/posts\/12497","targetHints":{"allow":["GET"]}}],"collection":[{"href":"https:\/\/informacionlocal.es\/en\/wp-json\/wp\/v2\/posts"}],"about":[{"href":"https:\/\/informacionlocal.es\/en\/wp-json\/wp\/v2\/types\/post"}],"author":[{"embeddable":true,"href":"https:\/\/informacionlocal.es\/en\/wp-json\/wp\/v2\/users\/1"}],"replies":[{"embeddable":true,"href":"https:\/\/informacionlocal.es\/en\/wp-json\/wp\/v2\/comments?post=12497"}],"version-history":[{"count":0,"href":"https:\/\/informacionlocal.es\/en\/wp-json\/wp\/v2\/posts\/12497\/revisions"}],"wp:featuredmedia":[{"embeddable":true,"href":"https:\/\/informacionlocal.es\/en\/wp-json\/wp\/v2\/media\/12499"}],"wp:attachment":[{"href":"https:\/\/informacionlocal.es\/en\/wp-json\/wp\/v2\/media?parent=12497"}],"wp:term":[{"taxonomy":"category","embeddable":true,"href":"https:\/\/informacionlocal.es\/en\/wp-json\/wp\/v2\/categories?post=12497"},{"taxonomy":"post_tag","embeddable":true,"href":"https:\/\/informacionlocal.es\/en\/wp-json\/wp\/v2\/tags?post=12497"}],"curies":[{"name":"wp","href":"https:\/\/api.w.org\/{rel}","templated":true}]}}