{"id":12473,"date":"2025-10-16T13:58:24","date_gmt":"2025-10-16T12:58:24","guid":{"rendered":"https:\/\/informacionlocal.es\/los-nadadores-vuelven-a-conquistar-las-aguas-de-la-travesia-a-nado-isla-de-lobos-fuerteventura-en-su-xxvi-edicion\/"},"modified":"2025-10-16T13:58:24","modified_gmt":"2025-10-16T12:58:24","slug":"los-nadadores-vuelven-a-conquistar-las-aguas-de-la-travesia-a-nado-isla-de-lobos-fuerteventura-en-su-xxvi-edicion","status":"publish","type":"post","link":"https:\/\/informacionlocal.es\/en\/los-nadadores-vuelven-a-conquistar-las-aguas-de-la-travesia-a-nado-isla-de-lobos-fuerteventura-en-su-xxvi-edicion\/","title":{"rendered":"Los nadadores vuelven a conquistar las aguas de la Traves\u00eda a Nado Isla de Lobos \u2013 Fuerteventura en su XXVI edici\u00f3n"},"content":{"rendered":"<p>El Ayuntamiento de La Oliva presenta, a trav\u00e9s de la Concejal\u00eda de Deportes, que gestiona Gleiber Carre\u00f1o, junto con el Cabildo de Fuerteventura y el Club Deportivo Herbania junto a otros colaboradores, la XXVI edici\u00f3n de la Traves\u00eda a Nado Isla de Lobos \u2013 Fuerteventura. El encuentro del pr\u00f3ximo domingo, 19 de octubre, reafirma su car\u00e1cter deportivo emblem\u00e1tico con un nuevo r\u00e9cord de participaci\u00f3n. As\u00ed pues, m\u00e1s de 280 nadadores lograron agotar las inscripciones en tan solo 18 minutos, con el fin de atravesar a nado las aguas entre el islote y Corralejo y alzarse as\u00ed, con el podio de la competici\u00f3n.<\/p>\n<p>Este desaf\u00edo \u00fanico se ha convertido en una competici\u00f3n de referencia en la nataci\u00f3n de aguas abiertas donde el deporte, la naturaleza y la solidaridad, se unen en favor de la Asociaci\u00f3n Espa\u00f1ola Contra el C\u00e1ncer, beneficiario de los fondos recaudados en el encuentro.<\/p>\n<p>El alcalde de La Oliva, Isa\u00ed Blanco, pone de relieve el compromiso con la promoci\u00f3n del binomio deporte y turismo a trav\u00e9s de competiciones como esta: \u201cLa Traves\u00eda a Nado es una competici\u00f3n que sigue creciendo y reafirmando su referencia dentro de las pruebas deportivas de nataci\u00f3n en aguas abiertas. En este sentido, el encuentro no solo pone a La Oliva en el foco, reafirmando la imagen del municipio como uno de los destinos deportivos preferidos entre los amantes de esta modalidad, sino que adem\u00e1s, el evento destaca tambi\u00e9n por su car\u00e1cter solidario en favor de la labor llevada a cabo por la Asociaci\u00f3n Espa\u00f1ola Contra el C\u00e1ncer.\u201d<\/p>\n<p>Por su parte, la concejala de Deportes, Gleiber Carre\u00f1o, manifiesta: \u201cCuando pensamos en octubre, pensamos en la Traves\u00eda a Nado. Una prueba que sigue sorprendiendo cada a\u00f1o con un r\u00e9cord no solo en el n\u00famero de inscritos, sino tambi\u00e9n en el tiempo en que se agotan las inscripciones para participar en este evento salvaje en las aguas abiertas entre la Isla de Lobos y el muelle de Corralejo que consigue captar el inter\u00e9s de atletas de dentro y fuera de Fuerteventura.\u201d<\/p>\n<p>Adem\u00e1s, la presidenta del Club Deportivo Herbania se\u00f1ala: \u201cLa Traves\u00eda no solo es una competici\u00f3n deportiva, sino un punto de encuentro entre el mar, el deporte y la gente de nuestras islas y de fuera, que viene hasta Fuerteventura \u00fanicamente para disfrutar de esta experiencia. Con participantes llegados desde distintos rincones del mundo\u2014e incluso mayores de 80 a\u00f1os que demuestran que la pasi\u00f3n no tiene edad\u2014, reafirmamos nuestra apuesta por seguir consolidando este evento como un referente del deporte en Canarias.\u201d<\/p>\n","protected":false},"excerpt":{"rendered":"<p><span>Una competici\u00f3n sigue batiendo r\u00e9cords con unas inscripciones agotadas en tan solo 18 minutos<\/span><\/p>\n","protected":false},"author":1,"featured_media":12475,"comment_status":"open","ping_status":"open","sticky":false,"template":"","format":"standard","meta":{"inline_featured_image":false,"jnews-multi-image_gallery":[],"jnews_single_post":[],"jnews_primary_category":[],"jnews_social_meta":[],"jnews_override_counter":[],"jnews_post_split":[],"footnotes":""},"categories":[62],"tags":[82],"class_list":["post-12473","post","type-post","status-publish","format-standard","has-post-thumbnail","hentry","category-la-oliva","tag-fuerteventura"],"jetpack_featured_media_url":"https:\/\/informacionlocal.es\/wp-content\/uploads\/2025\/10\/5262_859d87fd.png","_links":{"self":[{"href":"https:\/\/informacionlocal.es\/en\/wp-json\/wp\/v2\/posts\/12473","targetHints":{"allow":["GET"]}}],"collection":[{"href":"https:\/\/informacionlocal.es\/en\/wp-json\/wp\/v2\/posts"}],"about":[{"href":"https:\/\/informacionlocal.es\/en\/wp-json\/wp\/v2\/types\/post"}],"author":[{"embeddable":true,"href":"https:\/\/informacionlocal.es\/en\/wp-json\/wp\/v2\/users\/1"}],"replies":[{"embeddable":true,"href":"https:\/\/informacionlocal.es\/en\/wp-json\/wp\/v2\/comments?post=12473"}],"version-history":[{"count":0,"href":"https:\/\/informacionlocal.es\/en\/wp-json\/wp\/v2\/posts\/12473\/revisions"}],"wp:featuredmedia":[{"embeddable":true,"href":"https:\/\/informacionlocal.es\/en\/wp-json\/wp\/v2\/media\/12475"}],"wp:attachment":[{"href":"https:\/\/informacionlocal.es\/en\/wp-json\/wp\/v2\/media?parent=12473"}],"wp:term":[{"taxonomy":"category","embeddable":true,"href":"https:\/\/informacionlocal.es\/en\/wp-json\/wp\/v2\/categories?post=12473"},{"taxonomy":"post_tag","embeddable":true,"href":"https:\/\/informacionlocal.es\/en\/wp-json\/wp\/v2\/tags?post=12473"}],"curies":[{"name":"wp","href":"https:\/\/api.w.org\/{rel}","templated":true}]}}