{"id":12467,"date":"2025-10-16T11:58:27","date_gmt":"2025-10-16T10:58:27","guid":{"rendered":"https:\/\/informacionlocal.es\/pistacatro-premio-nacional-de-circo-2025-inaugura-la-feria-del-libro-de-fuerteventura\/"},"modified":"2025-10-16T11:58:27","modified_gmt":"2025-10-16T10:58:27","slug":"pistacatro-premio-nacional-de-circo-2025-inaugura-la-feria-del-libro-de-fuerteventura","status":"publish","type":"post","link":"https:\/\/informacionlocal.es\/en\/pistacatro-premio-nacional-de-circo-2025-inaugura-la-feria-del-libro-de-fuerteventura\/","title":{"rendered":"Pistacatro, Premio Nacional de Circo 2025, inaugura la Feria del Libro de Fuerteventura"},"content":{"rendered":"<div class=\"entry-content\"><strong>16 octubre, 2025<\/strong><\/p>\n<p><strong><em>Los gallegos pondr\u00e1n en escena \u2018Orquesta Malabares\u2019 junto a la banda de la Escuela Insular de M\u00fasica<\/em><\/strong><\/p>\n<p>La compa\u00f1\u00eda gallega Pistacatro, Premio Nacional de Circo 2025, ser\u00e1 la encargada de inaugurar la 35 edici\u00f3n de la Feria del Libro de Fuerteventura con el espect\u00e1culo \u2018Orquesta de malabares\u2019. Ser\u00e1 el jueves, 23 de octubre, a las 18.00 horas en la plaza del Palacio de Formaci\u00f3n y Congresos.<\/p>\n<p>La compa\u00f1\u00eda aterriza en Fuerteventura despu\u00e9s de que hace unos d\u00edas el Ministerio de Cultura les concediera el Premio Nacional de Circo 2025 por \u201csu destacada labor en la creaci\u00f3n y difusi\u00f3n de propuestas circenses de una enorme presencia esc\u00e9nica, rigor y carisma, con importantes hitos en 2024, como la gira de \u2018Drop\u2019, un montaje sorprendente con un lenguaje propio, y la consolidaci\u00f3n de su espect\u00e1culo \u2018Orquesta de malabares\u2019 en el que fusionan la m\u00fasica y el circo\u00bb.<\/p>\n<p>Precisamente, ser\u00e1 Orquesta Malabares el espect\u00e1culo que pondr\u00e1n en escena ante el p\u00fablico majorero junto a la banda de la Escuela Insular de M\u00fasica de Fuerteventura dirigida por Javier Santos.<\/p>\n<p>La feria vuelve un a\u00f1o m\u00e1s a apostar las artes circenses. Adem\u00e1s, de Pistacastro, los catalanes De Tal Palo pondr\u00e1n en escena \u2018Fisgoneo\u2019, un espect\u00e1culo que combina balanc\u00edn y acrobacia y que se podr\u00e1 ver el s\u00e1bado 25 de octubre, a partir de las 18.00 horas, en la Plaza del Palacio de Formaci\u00f3n y Congresos.<\/p>\n<p>Un d\u00eda m\u00e1s tarde, el domingo 26 de octubre, los andaluces Zen del Sur representar\u00e1n Xpectro, un espect\u00e1culo multidisciplinar que aborda el autismo y otras neurodivergencias desde un enfoque creativo y pedag\u00f3gico para invitar al espectador a adentrarse en un universo de emociones, ofreciendo una mirada reflexiva y emp\u00e1tica hacia la diversidad.<\/p>\n<p>La obra trata sobre un encuentro entre dos seres neurodivergentes que descubren a trav\u00e9s del circo, la m\u00fasica y la danza un medio donde poder comunicarse, conectar, expresar sus sentimientos y afrontar sus propios miedos y desaf\u00edos.<\/p>\n<p>El espect\u00e1culo tendr\u00e1 lugar en la Sala Sinf\u00f3nica del Palacio de Formaci\u00f3n y Congresos, a partir de las 17.30 horas con entrada gratuita previa reserva en\u00a0culturafuerteventura.es<\/p>\n<p>La Feria del Libro est\u00e1 organizada por el Centro Bibliotecario Insular, dependiente de la Consejer\u00eda de Cultura del Cabildo de Fuerteventura, y cuenta con la colaboraci\u00f3n del Instituto Canario de Desarrollo Cultural del Gobierno de Canarias.<\/p>\n<\/div>\n","protected":false},"excerpt":{"rendered":"<p>16 octubre, 2025 Los gallegos pondr\u00e1n en escena \u2018Orquesta Malabares\u2019 junto a la banda de la Escuela Insular de M\u00fasica La compa\u00f1\u00eda gallega Pistacatro, Premio Nacional de Circo 2025, ser\u00e1 [&hellip;]<\/p>\n","protected":false},"author":1,"featured_media":12469,"comment_status":"open","ping_status":"open","sticky":false,"template":"","format":"standard","meta":{"inline_featured_image":false,"jnews-multi-image_gallery":[],"jnews_single_post":[],"jnews_primary_category":[],"jnews_social_meta":[],"jnews_override_counter":[],"jnews_post_split":[],"footnotes":""},"categories":[58],"tags":[82],"class_list":["post-12467","post","type-post","status-publish","format-standard","has-post-thumbnail","hentry","category-cabildo","tag-fuerteventura"],"jetpack_featured_media_url":"https:\/\/informacionlocal.es\/wp-content\/uploads\/2025\/10\/pistacatro-feria-libro.jpeg","_links":{"self":[{"href":"https:\/\/informacionlocal.es\/en\/wp-json\/wp\/v2\/posts\/12467","targetHints":{"allow":["GET"]}}],"collection":[{"href":"https:\/\/informacionlocal.es\/en\/wp-json\/wp\/v2\/posts"}],"about":[{"href":"https:\/\/informacionlocal.es\/en\/wp-json\/wp\/v2\/types\/post"}],"author":[{"embeddable":true,"href":"https:\/\/informacionlocal.es\/en\/wp-json\/wp\/v2\/users\/1"}],"replies":[{"embeddable":true,"href":"https:\/\/informacionlocal.es\/en\/wp-json\/wp\/v2\/comments?post=12467"}],"version-history":[{"count":0,"href":"https:\/\/informacionlocal.es\/en\/wp-json\/wp\/v2\/posts\/12467\/revisions"}],"wp:featuredmedia":[{"embeddable":true,"href":"https:\/\/informacionlocal.es\/en\/wp-json\/wp\/v2\/media\/12469"}],"wp:attachment":[{"href":"https:\/\/informacionlocal.es\/en\/wp-json\/wp\/v2\/media?parent=12467"}],"wp:term":[{"taxonomy":"category","embeddable":true,"href":"https:\/\/informacionlocal.es\/en\/wp-json\/wp\/v2\/categories?post=12467"},{"taxonomy":"post_tag","embeddable":true,"href":"https:\/\/informacionlocal.es\/en\/wp-json\/wp\/v2\/tags?post=12467"}],"curies":[{"name":"wp","href":"https:\/\/api.w.org\/{rel}","templated":true}]}}