{"id":12461,"date":"2025-10-16T10:58:33","date_gmt":"2025-10-16T09:58:33","guid":{"rendered":"https:\/\/informacionlocal.es\/el-ix-encuentro-de-pesca-en-kayak-reune-80-kayakistas-de-todas-las-islas\/"},"modified":"2025-10-16T10:58:33","modified_gmt":"2025-10-16T09:58:33","slug":"el-ix-encuentro-de-pesca-en-kayak-reune-80-kayakistas-de-todas-las-islas","status":"publish","type":"post","link":"https:\/\/informacionlocal.es\/en\/el-ix-encuentro-de-pesca-en-kayak-reune-80-kayakistas-de-todas-las-islas\/","title":{"rendered":"El IX Encuentro de Pesca en Kayak re\u00fane 80 kayakistas de todas las islas"},"content":{"rendered":"<div class=\"elementor-widget-container\">\n<p><strong>La 4\u00aa Copa Canarias de Kayak este s\u00e1bado en Caleta de Fuste<\/strong><br \/><strong>El IX Encuentro de Pesca en Kayak re\u00fane 80 kayakistas de todas las islas<\/strong><\/p>\n<p><strong>\u2022 Este s\u00e1bado 18 de octubre Caleta de Fuste acoge la cita del Kayak m\u00e1s destacada de la isla, que prev\u00e9 reunir entre deportistas y afici\u00f3n, cerca de 300 personas durante la jornada.<\/strong><\/p>\n<p>El Ayuntamiento de Antigua colabora desde la concejal\u00eda de Deportes con el club Maho Kayak en la organizaci\u00f3n de la 4\u00aa Copa Canarias y IX Encuentro de Pesca, captura y suelta, en Kayak Isla de Fuerteventura este s\u00e1bado 18 en Caleta de Fuste desde las 08:00 y hasta las 14:00 horas<\/p>\n<p>El alcalde, Mat\u00edas Pe\u00f1a, felicita a los organizadores Maho Kayak, que con el apoyo de la subvenci\u00f3n municipal de Deportes y el apoyo en la log\u00edstica que precisan, logran sacar adelante una cita regional e insular del Kayak, con la participacion de los mejores palistas de las islas, hasta 80 participantes, e implican a patrocinadores especializados en el sector y colaboradores como Barcel\u00f3 Resorts, a los que una vez m\u00e1s agradecemos su implicaci\u00f3n.<\/p>\n<p>El concejal de Deportes, Samuel Torres Mesa, anima a la asistencia de los aficionados al kayak en la isla, no s\u00f3lo por disfrutar de la salida y llegada de los kayakistas, sino por contemplar de cerca los kayaks, armados con los aparejos de pesca, sistemas de localizaci\u00f3n, y algunos son \u00faltimos modelos de dise\u00f1o.<\/p>\n<p>El concejal destaca tambi\u00e9n los criterios de respeto con el medio marino, siendo captura y suelta de la pesca, cuyos ejemplares deben tener un talle m\u00ednimo de 40 cm, pero tambi\u00e9n quiero destacar, a\u00f1ade Samuel Torres, que la afici\u00f3n al kayak se caracteriza por colaborar en cada una de sus salidas, con la retirada de residuos y basura flotante que encuentran en sus traves\u00edas cercanas al litoral costero.<\/p>\n<\/div>\n","protected":false},"excerpt":{"rendered":"<p><strong>La 4\u00aa Copa Canarias de Kayak este s\u00e1bado en Caleta de Fuste<\/strong><\/p>\n","protected":false},"author":1,"featured_media":12463,"comment_status":"open","ping_status":"open","sticky":false,"template":"","format":"standard","meta":{"inline_featured_image":false,"jnews-multi-image_gallery":[],"jnews_single_post":[],"jnews_primary_category":[],"jnews_social_meta":[],"jnews_override_counter":[],"jnews_post_split":[],"footnotes":""},"categories":[59],"tags":[82],"class_list":["post-12461","post","type-post","status-publish","format-standard","has-post-thumbnail","hentry","category-antigua","tag-fuerteventura"],"jetpack_featured_media_url":"https:\/\/informacionlocal.es\/wp-content\/uploads\/2025\/10\/el-ix-encuentro-de-pesca-en-kayak-reune-80-kayakistas-de-todas-las-islas-scaled-1.jpg","_links":{"self":[{"href":"https:\/\/informacionlocal.es\/en\/wp-json\/wp\/v2\/posts\/12461","targetHints":{"allow":["GET"]}}],"collection":[{"href":"https:\/\/informacionlocal.es\/en\/wp-json\/wp\/v2\/posts"}],"about":[{"href":"https:\/\/informacionlocal.es\/en\/wp-json\/wp\/v2\/types\/post"}],"author":[{"embeddable":true,"href":"https:\/\/informacionlocal.es\/en\/wp-json\/wp\/v2\/users\/1"}],"replies":[{"embeddable":true,"href":"https:\/\/informacionlocal.es\/en\/wp-json\/wp\/v2\/comments?post=12461"}],"version-history":[{"count":0,"href":"https:\/\/informacionlocal.es\/en\/wp-json\/wp\/v2\/posts\/12461\/revisions"}],"wp:featuredmedia":[{"embeddable":true,"href":"https:\/\/informacionlocal.es\/en\/wp-json\/wp\/v2\/media\/12463"}],"wp:attachment":[{"href":"https:\/\/informacionlocal.es\/en\/wp-json\/wp\/v2\/media?parent=12461"}],"wp:term":[{"taxonomy":"category","embeddable":true,"href":"https:\/\/informacionlocal.es\/en\/wp-json\/wp\/v2\/categories?post=12461"},{"taxonomy":"post_tag","embeddable":true,"href":"https:\/\/informacionlocal.es\/en\/wp-json\/wp\/v2\/tags?post=12461"}],"curies":[{"name":"wp","href":"https:\/\/api.w.org\/{rel}","templated":true}]}}