{"id":12455,"date":"2025-10-16T09:58:25","date_gmt":"2025-10-16T08:58:25","guid":{"rendered":"https:\/\/informacionlocal.es\/fuerteventura-protagonista-aborda-el-reto-demografico-a-traves-de-sus-seminarios\/"},"modified":"2025-10-16T09:58:25","modified_gmt":"2025-10-16T08:58:25","slug":"fuerteventura-protagonista-aborda-el-reto-demografico-a-traves-de-sus-seminarios","status":"publish","type":"post","link":"https:\/\/informacionlocal.es\/en\/fuerteventura-protagonista-aborda-el-reto-demografico-a-traves-de-sus-seminarios\/","title":{"rendered":"\u2018Fuerteventura Protagonista\u2019 aborda el reto demogr\u00e1fico a trav\u00e9s de sus seminarios"},"content":{"rendered":"<div class=\"entry-content\"><strong>16 octubre, 2025<\/strong><\/p>\n<p>El proyecto \u2018Fuerteventura Protagonista\u2019, que promueve la Consejer\u00eda de Participaci\u00f3n Ciudadana junto a Fundaci\u00f3n General de la Universidad de La Laguna, contin\u00faa impartiendo sus Seminarios de Metodolog\u00edas Comunitarias (SEMECO). La pr\u00f3xima cita se desarrollar\u00e1 de modo online, el pr\u00f3ximo 22 de octubre, de 17.00 a 19.00 horas, se celebrar\u00e1 la sexta sesi\u00f3n: \u2018Ra\u00edces y Futuro: Comunidades frente al Reto Demogr\u00e1fico en Fuerteventura\u2019 con el objetivo de proporcionar conocimientos clave sobre el tema y su aplicaci\u00f3n pr\u00e1ctica en contextos comunitarios.<\/p>\n<p>\u2018Fuerteventura Protagonista\u2019 es un proyecto comunitario que, seg\u00fan explica el consejero insular, V\u00edctor Alonso, busca fomentar la participaci\u00f3n ciudadana en el desarrollo integral de la Isla.<\/p>\n<p>Con estas p\u00edldoras formativas, a modo de seminarios, se persigue analizar los desaf\u00edos demogr\u00e1ficos desde la perspectiva local e insular, con especial atenci\u00f3n a las comunidades de Fuerteventura, y ser\u00e1 impartida por Jos\u00e9 Le\u00f3n Garc\u00eda Rodr\u00edguez, profesor em\u00e9rito de Geograf\u00eda Humana de la Universidad de La Laguna, especialista en recursos h\u00eddricos en espacios \u00e1ridos, con especial referencia a las islas de Lanzarote y Fuerteventura.\u00a0<\/p>\n<p>La sesi\u00f3n combinar\u00e1 metodolog\u00eda expositiva y demostrativa, integrando experiencias reales y contenidos pr\u00e1cticos que permitan a los participantes aplicar el conocimiento en su entorno comunitario.<\/p>\n<p>La formaci\u00f3n es gratuita y certificada por la Fundaci\u00f3n Canaria General de la Universidad de La Laguna. Para completar el seminario, se requiere asistencia total y la respuesta a al menos dos preguntas planteadas por el ponente.<\/p>\n<p>Las personas interesadas pueden inscribirse y consultar la ficha t\u00e9cnica en:\u00a0https:\/\/fuerteventuraprotagonista.com\/semeco-raices-y-futuro-en-fuerteventura\/<\/p>\n<p>Para m\u00e1s informaci\u00f3n, contactar con\u00a0fuerteventuraprotagonista@fg.ull.es\u00a0o por tel\u00e9fono 628697775 \/ 686727391.<\/p>\n<p>Este espacio formativo se enmarca en el compromiso con el desarrollo sostenible, la cohesi\u00f3n social y la revitalizaci\u00f3n demogr\u00e1fica del territorio insular.<\/p>\n<\/div>\n","protected":false},"excerpt":{"rendered":"<p>16 octubre, 2025 El proyecto \u2018Fuerteventura Protagonista\u2019, que promueve la Consejer\u00eda de Participaci\u00f3n Ciudadana junto a Fundaci\u00f3n General de la Universidad de La Laguna, contin\u00faa impartiendo sus Seminarios de Metodolog\u00edas [&hellip;]<\/p>\n","protected":false},"author":1,"featured_media":12457,"comment_status":"open","ping_status":"open","sticky":false,"template":"","format":"standard","meta":{"inline_featured_image":false,"jnews-multi-image_gallery":[],"jnews_single_post":[],"jnews_primary_category":[],"jnews_social_meta":[],"jnews_override_counter":[],"jnews_post_split":[],"footnotes":""},"categories":[58],"tags":[82],"class_list":["post-12455","post","type-post","status-publish","format-standard","has-post-thumbnail","hentry","category-cabildo","tag-fuerteventura"],"jetpack_featured_media_url":"https:\/\/informacionlocal.es\/wp-content\/uploads\/2025\/10\/semeco.jpeg","_links":{"self":[{"href":"https:\/\/informacionlocal.es\/en\/wp-json\/wp\/v2\/posts\/12455","targetHints":{"allow":["GET"]}}],"collection":[{"href":"https:\/\/informacionlocal.es\/en\/wp-json\/wp\/v2\/posts"}],"about":[{"href":"https:\/\/informacionlocal.es\/en\/wp-json\/wp\/v2\/types\/post"}],"author":[{"embeddable":true,"href":"https:\/\/informacionlocal.es\/en\/wp-json\/wp\/v2\/users\/1"}],"replies":[{"embeddable":true,"href":"https:\/\/informacionlocal.es\/en\/wp-json\/wp\/v2\/comments?post=12455"}],"version-history":[{"count":0,"href":"https:\/\/informacionlocal.es\/en\/wp-json\/wp\/v2\/posts\/12455\/revisions"}],"wp:featuredmedia":[{"embeddable":true,"href":"https:\/\/informacionlocal.es\/en\/wp-json\/wp\/v2\/media\/12457"}],"wp:attachment":[{"href":"https:\/\/informacionlocal.es\/en\/wp-json\/wp\/v2\/media?parent=12455"}],"wp:term":[{"taxonomy":"category","embeddable":true,"href":"https:\/\/informacionlocal.es\/en\/wp-json\/wp\/v2\/categories?post=12455"},{"taxonomy":"post_tag","embeddable":true,"href":"https:\/\/informacionlocal.es\/en\/wp-json\/wp\/v2\/tags?post=12455"}],"curies":[{"name":"wp","href":"https:\/\/api.w.org\/{rel}","templated":true}]}}